{"id":28916,"date":"2019-03-28T13:06:42","date_gmt":"2019-03-28T16:06:42","guid":{"rendered":"http:\/\/www.almargenweb.com.ar\/web\/?p=28916"},"modified":"2019-03-28T13:06:44","modified_gmt":"2019-03-28T16:06:44","slug":"progreso-julio-muller-hizo-entrega-de-un-aporte-para-la-practica-de-voley","status":"publish","type":"post","link":"https:\/\/www.almargenweb.com.ar\/web\/progreso-julio-muller-hizo-entrega-de-un-aporte-para-la-practica-de-voley\/","title":{"rendered":"PROGRESO: Julio M\u00fcller hizo entrega de un aporte para la practica de v\u00f3ley"},"content":{"rendered":"\n<p>La&nbsp;<a href=\"https:\/\/www.facebook.com\/profile.php?id=100009655579339&amp;__tn__=%2CdK-R-R&amp;eid=ARBdz8Dyl9MCdue3VQMRhApDa_n5EmbPuzzvHlLJHTnqGLVkUL5s9QurhHACI5snQFWm_7GrfFRnQSIn&amp;fref=mentions\">Comuna de Progreso<\/a>&nbsp;a trav\u00e9s de su Presidente Julio M\u00fcller y la Secretaria Mar\u00eda Soledad Dominguez hizo entrega de un aporte de $15.000 para la pr\u00e1ctica de v\u00f3ley que se desarrolla en el Club Atl\u00e9tico y Social&nbsp;<a href=\"https:\/\/www.facebook.com\/sanmartindeprogreso?__tn__=%2CdK-R-R&amp;eid=ARBS_uwvqLVxpy-e839mzbmwaceeJuyjr1DWt4jslCVagOl_CfNhYVxU8j277hP-BdzPw1txWAX3xGeg&amp;fref=mentions\">San Martin de Progreso<\/a>.<\/p>\n<!-- AddThis Advanced Settings generic via filter on the_content --><!-- AddThis Share Buttons generic via filter on the_content -->","protected":false},"excerpt":{"rendered":"<p>La&nbsp;Comuna de Progreso&nbsp;a trav\u00e9s de su Presidente Julio M\u00fcller y la Secretaria Mar\u00eda Soledad Dominguez hizo [&hellip;]<!-- AddThis Advanced Settings generic via filter on get_the_excerpt --><!-- AddThis Share Buttons generic via filter on get_the_excerpt --><\/p>\n","protected":false},"author":13,"featured_media":28917,"comment_status":"open","ping_status":"open","sticky":false,"template":"","format":"standard","meta":{"_seopress_robots_primary_cat":"","_seopress_titles_title":"","_seopress_titles_desc":"","_seopress_robots_index":"","_themeisle_gutenberg_block_has_review":false,"footnotes":""},"categories":[21],"tags":[],"class_list":["post-28916","post","type-post","status-publish","format-standard","has-post-thumbnail","hentry","category-las-colonias"],"_links":{"self":[{"href":"https:\/\/www.almargenweb.com.ar\/web\/wp-json\/wp\/v2\/posts\/28916","targetHints":{"allow":["GET"]}}],"collection":[{"href":"https:\/\/www.almargenweb.com.ar\/web\/wp-json\/wp\/v2\/posts"}],"about":[{"href":"https:\/\/www.almargenweb.com.ar\/web\/wp-json\/wp\/v2\/types\/post"}],"author":[{"embeddable":true,"href":"https:\/\/www.almargenweb.com.ar\/web\/wp-json\/wp\/v2\/users\/13"}],"replies":[{"embeddable":true,"href":"https:\/\/www.almargenweb.com.ar\/web\/wp-json\/wp\/v2\/comments?post=28916"}],"version-history":[{"count":2,"href":"https:\/\/www.almargenweb.com.ar\/web\/wp-json\/wp\/v2\/posts\/28916\/revisions"}],"predecessor-version":[{"id":28919,"href":"https:\/\/www.almargenweb.com.ar\/web\/wp-json\/wp\/v2\/posts\/28916\/revisions\/28919"}],"wp:featuredmedia":[{"embeddable":true,"href":"https:\/\/www.almargenweb.com.ar\/web\/wp-json\/wp\/v2\/media\/28917"}],"wp:attachment":[{"href":"https:\/\/www.almargenweb.com.ar\/web\/wp-json\/wp\/v2\/media?parent=28916"}],"wp:term":[{"taxonomy":"category","embeddable":true,"href":"https:\/\/www.almargenweb.com.ar\/web\/wp-json\/wp\/v2\/categories?post=28916"},{"taxonomy":"post_tag","embeddable":true,"href":"https:\/\/www.almargenweb.com.ar\/web\/wp-json\/wp\/v2\/tags?post=28916"}],"curies":[{"name":"wp","href":"https:\/\/api.w.org\/{rel}","templated":true}]}}