{"id":28913,"date":"2019-03-28T11:54:43","date_gmt":"2019-03-28T14:54:43","guid":{"rendered":"http:\/\/www.almargenweb.com.ar\/web\/?p=28913"},"modified":"2019-03-28T11:54:45","modified_gmt":"2019-03-28T14:54:45","slug":"acto-de-lanzamiento-de-la-lista-de-concejales-adelante-del-frente-progresista","status":"publish","type":"post","link":"https:\/\/www.almargenweb.com.ar\/web\/acto-de-lanzamiento-de-la-lista-de-concejales-adelante-del-frente-progresista\/","title":{"rendered":"Acto de lanzamiento de la Lista de Concejales \u201cAdelante\u201d del Frente Progresista"},"content":{"rendered":"\n<p>Este jueves a las 20 hs. en la sede del Comit\u00e9 de la Uni\u00f3n C\u00edvica Radical, Avenida<br>\nColonizadores 1140 de Esperanza, tendr\u00e1 lugar el acto de lanzamiento de la Lista<br>\nAdelante del Frente Progresista de los precandidatos a concejales que encabeza<br>\nRodrigo M\u00fcller acompa\u00f1ado por Eduardo \u201cCococho\u201d Carruega, Gisela Mierke,<br>\nFederico Gonz\u00e1lez, Bel\u00e9n Fabre y Daiana Francez\u00f3n.<br>\nLos integrantes de la Lista Adelante vienen realizando distintas actividades en<br>\ncontacto con los vecinos y dar\u00e1n a conocer los principales lineamientos de su<br>\npropuesta para renovar el Concejo Municipal en sus roles de legislaci\u00f3n, control y<br>\ntambi\u00e9n gestiones en beneficio de la ciudadan\u00eda.<br>\nLa invitaci\u00f3n al acto de presentaci\u00f3n de este jueves a las 20 es amplia dirigida a la<br>\nmilitancia, simpatizantes y todos lo vecinos que quieran acercarse a conocer de<br>\nprimera mano las propuestas de la Lista Adelante.<\/p>\n<!-- AddThis Advanced Settings generic via filter on the_content --><!-- AddThis Share Buttons generic via filter on the_content -->","protected":false},"excerpt":{"rendered":"<p>Este jueves a las 20 hs. en la sede del Comit\u00e9 de la Uni\u00f3n C\u00edvica Radical, [&hellip;]<!-- AddThis Advanced Settings generic via filter on get_the_excerpt --><!-- AddThis Share Buttons generic via filter on get_the_excerpt --><\/p>\n","protected":false},"author":13,"featured_media":28914,"comment_status":"open","ping_status":"open","sticky":false,"template":"","format":"standard","meta":{"_seopress_robots_primary_cat":"","_seopress_titles_title":"","_seopress_titles_desc":"","_seopress_robots_index":"","_themeisle_gutenberg_block_has_review":false,"footnotes":""},"categories":[47],"tags":[],"class_list":["post-28913","post","type-post","status-publish","format-standard","has-post-thumbnail","hentry","category-locales"],"_links":{"self":[{"href":"https:\/\/www.almargenweb.com.ar\/web\/wp-json\/wp\/v2\/posts\/28913","targetHints":{"allow":["GET"]}}],"collection":[{"href":"https:\/\/www.almargenweb.com.ar\/web\/wp-json\/wp\/v2\/posts"}],"about":[{"href":"https:\/\/www.almargenweb.com.ar\/web\/wp-json\/wp\/v2\/types\/post"}],"author":[{"embeddable":true,"href":"https:\/\/www.almargenweb.com.ar\/web\/wp-json\/wp\/v2\/users\/13"}],"replies":[{"embeddable":true,"href":"https:\/\/www.almargenweb.com.ar\/web\/wp-json\/wp\/v2\/comments?post=28913"}],"version-history":[{"count":1,"href":"https:\/\/www.almargenweb.com.ar\/web\/wp-json\/wp\/v2\/posts\/28913\/revisions"}],"predecessor-version":[{"id":28915,"href":"https:\/\/www.almargenweb.com.ar\/web\/wp-json\/wp\/v2\/posts\/28913\/revisions\/28915"}],"wp:featuredmedia":[{"embeddable":true,"href":"https:\/\/www.almargenweb.com.ar\/web\/wp-json\/wp\/v2\/media\/28914"}],"wp:attachment":[{"href":"https:\/\/www.almargenweb.com.ar\/web\/wp-json\/wp\/v2\/media?parent=28913"}],"wp:term":[{"taxonomy":"category","embeddable":true,"href":"https:\/\/www.almargenweb.com.ar\/web\/wp-json\/wp\/v2\/categories?post=28913"},{"taxonomy":"post_tag","embeddable":true,"href":"https:\/\/www.almargenweb.com.ar\/web\/wp-json\/wp\/v2\/tags?post=28913"}],"curies":[{"name":"wp","href":"https:\/\/api.w.org\/{rel}","templated":true}]}}