{"id":28861,"date":"2019-03-25T11:51:38","date_gmt":"2019-03-25T14:51:38","guid":{"rendered":"http:\/\/www.almargenweb.com.ar\/web\/?p=28861"},"modified":"2019-03-25T11:51:39","modified_gmt":"2019-03-25T14:51:39","slug":"rodrigo-muller-no-podemos-desaprovechar-los-programas-provinciales-de-viviendas","status":"publish","type":"post","link":"https:\/\/www.almargenweb.com.ar\/web\/rodrigo-muller-no-podemos-desaprovechar-los-programas-provinciales-de-viviendas\/","title":{"rendered":"RODRIGO M\u00dcLLER: NO PODEMOS DESAPROVECHAR LOS PROGRAMAS PROVINCIALES DE VIVIENDAS"},"content":{"rendered":"\n<p>El precandidato a concejal del Frente Progresista, Rodrigo M\u00fcller, se refiri\u00f3 a uno<br>\nde los ejes de las propuestas que trabaja el equipo de la Lista Adelante: la<br>\nnecesidad de gestionar soluciones habitacionales para la ciudad de Esperanza.<br>\n&#8220;La falta de viviendas es por el desinter\u00e9s que tiene el gobierno municipal. No<br>\npodemos desaprovechar los programas provinciales&#8221;, enfatiz\u00f3.<br>\nEn tal sentido, record\u00f3 las gestiones que emprendi\u00f3 desde la Asociaci\u00f3n para el<br>\nDesarrollo que permitieron dar curso a 25 casas de los programas &#8220;Lote Propio&#8221;,<br>\n&#8220;Mi tierra, Mi Casa&#8221; y los planes de viviendas sociales que lleva adelante el<br>\nGobierno Provincial.<\/p>\n\n\n\n<p>Rodrigo M\u00fcller y los integrantes del Equipo que integran la lista Eduardo \u201cCococho\u201d<br>\nCarruega, Gisela Mierke, Federico Gonz\u00e1lez, Belen Fabre y Daiana Francez\u00f3n<br>\nratificaron el&nbsp; compromiso de seguir impulsando todas las herramientas que<br>\ndespliega el Gobierno Provincial para ayudar a las familias a concretar el sue\u00f1o de<br>\nla casa propia.<\/p>\n<!-- AddThis Advanced Settings generic via filter on the_content --><!-- AddThis Share Buttons generic via filter on the_content -->","protected":false},"excerpt":{"rendered":"<p>El precandidato a concejal del Frente Progresista, Rodrigo M\u00fcller, se refiri\u00f3 a uno de los ejes [&hellip;]<!-- AddThis Advanced Settings generic via filter on get_the_excerpt --><!-- AddThis Share Buttons generic via filter on get_the_excerpt --><\/p>\n","protected":false},"author":13,"featured_media":28862,"comment_status":"open","ping_status":"open","sticky":false,"template":"","format":"standard","meta":{"_seopress_robots_primary_cat":"","_seopress_titles_title":"","_seopress_titles_desc":"","_seopress_robots_index":"","_themeisle_gutenberg_block_has_review":false,"footnotes":""},"categories":[47],"tags":[],"class_list":["post-28861","post","type-post","status-publish","format-standard","has-post-thumbnail","hentry","category-locales"],"_links":{"self":[{"href":"https:\/\/www.almargenweb.com.ar\/web\/wp-json\/wp\/v2\/posts\/28861","targetHints":{"allow":["GET"]}}],"collection":[{"href":"https:\/\/www.almargenweb.com.ar\/web\/wp-json\/wp\/v2\/posts"}],"about":[{"href":"https:\/\/www.almargenweb.com.ar\/web\/wp-json\/wp\/v2\/types\/post"}],"author":[{"embeddable":true,"href":"https:\/\/www.almargenweb.com.ar\/web\/wp-json\/wp\/v2\/users\/13"}],"replies":[{"embeddable":true,"href":"https:\/\/www.almargenweb.com.ar\/web\/wp-json\/wp\/v2\/comments?post=28861"}],"version-history":[{"count":1,"href":"https:\/\/www.almargenweb.com.ar\/web\/wp-json\/wp\/v2\/posts\/28861\/revisions"}],"predecessor-version":[{"id":28863,"href":"https:\/\/www.almargenweb.com.ar\/web\/wp-json\/wp\/v2\/posts\/28861\/revisions\/28863"}],"wp:featuredmedia":[{"embeddable":true,"href":"https:\/\/www.almargenweb.com.ar\/web\/wp-json\/wp\/v2\/media\/28862"}],"wp:attachment":[{"href":"https:\/\/www.almargenweb.com.ar\/web\/wp-json\/wp\/v2\/media?parent=28861"}],"wp:term":[{"taxonomy":"category","embeddable":true,"href":"https:\/\/www.almargenweb.com.ar\/web\/wp-json\/wp\/v2\/categories?post=28861"},{"taxonomy":"post_tag","embeddable":true,"href":"https:\/\/www.almargenweb.com.ar\/web\/wp-json\/wp\/v2\/tags?post=28861"}],"curies":[{"name":"wp","href":"https:\/\/api.w.org\/{rel}","templated":true}]}}