{"id":28758,"date":"2019-03-06T11:21:24","date_gmt":"2019-03-06T14:21:24","guid":{"rendered":"http:\/\/www.almargenweb.com.ar\/web\/?p=28758"},"modified":"2019-03-06T11:21:26","modified_gmt":"2019-03-06T14:21:26","slug":"rodrigo-muller-queremos-poner-enfasis-en-que-los-problemas-de-la-ciudad-se-resuelven-trabajando-con-las-instituciones","status":"publish","type":"post","link":"https:\/\/www.almargenweb.com.ar\/web\/rodrigo-muller-queremos-poner-enfasis-en-que-los-problemas-de-la-ciudad-se-resuelven-trabajando-con-las-instituciones\/","title":{"rendered":"RODRIGO M\u00dcLLER: Queremos poner \u00e9nfasis en que los problemas de la ciudad se resuelven trabajando con las instituciones."},"content":{"rendered":"\n<p>En el marco de la decisi\u00f3n de acompa\u00f1ar a las instituciones de Esperanza, los precandidatos a<br> concejal del Frente Progresista, Rodrigo M\u00fcller y Eduardo &#8220;Cococho&#8221; Carruega, recorrieron<br> instalaciones y conversaron con directivos del Lawn Tennis Club Esperancino y Sportivo del<br> Norte.<br> Se interiorizaron de los proyectos de ambas entidades deportivas y evaluaron posibles<br> financiamientos dentro de los programas que dispone el Gobierno de la Provincia para los<br> clubes.<br> Con relaci\u00f3n a Sportivo del Norte recorrieron adem\u00e1s las obras del Canal Alem y el tejido<br> perimetral que se instal\u00f3 en el club en el contexto del entubamiento que pasa por la<br> instituci\u00f3n de Rivadavia y Alem, uno de los aportes de infraestructura de desag\u00fces m\u00e1s<br> importante que concret\u00f3 el Gobierno de la Provincia en la ciudad de Esperanza.<\/p>\n\n\n\n<p><\/p>\n\n\n\n<figure class=\"wp-block-image\"><img loading=\"lazy\" decoding=\"async\" width=\"528\" height=\"960\" src=\"https:\/\/www.almargenweb.com.ar\/web\/wp-content\/uploads\/2019\/03\/53355766_2276666139239565_2563927357807132672_n.jpg\" alt=\"\" class=\"wp-image-28760\" srcset=\"https:\/\/www.almargenweb.com.ar\/web\/wp-content\/uploads\/2019\/03\/53355766_2276666139239565_2563927357807132672_n.jpg 528w, https:\/\/www.almargenweb.com.ar\/web\/wp-content\/uploads\/2019\/03\/53355766_2276666139239565_2563927357807132672_n-165x300.jpg 165w\" sizes=\"auto, (max-width: 528px) 100vw, 528px\" \/><\/figure>\n\n\n\n<figure class=\"wp-block-image\"><img loading=\"lazy\" decoding=\"async\" width=\"1024\" height=\"576\" src=\"https:\/\/www.almargenweb.com.ar\/web\/wp-content\/uploads\/2019\/03\/WhatsApp-Image-2019-03-06-at-12.17.17-AM-1024x576.jpeg\" alt=\"\" class=\"wp-image-28761\" srcset=\"https:\/\/www.almargenweb.com.ar\/web\/wp-content\/uploads\/2019\/03\/WhatsApp-Image-2019-03-06-at-12.17.17-AM-1024x576.jpeg 1024w, https:\/\/www.almargenweb.com.ar\/web\/wp-content\/uploads\/2019\/03\/WhatsApp-Image-2019-03-06-at-12.17.17-AM-300x169.jpeg 300w, https:\/\/www.almargenweb.com.ar\/web\/wp-content\/uploads\/2019\/03\/WhatsApp-Image-2019-03-06-at-12.17.17-AM-768x432.jpeg 768w, https:\/\/www.almargenweb.com.ar\/web\/wp-content\/uploads\/2019\/03\/WhatsApp-Image-2019-03-06-at-12.17.17-AM.jpeg 1032w\" sizes=\"auto, (max-width: 1024px) 100vw, 1024px\" \/><\/figure>\n<!-- AddThis Advanced Settings generic via filter on the_content --><!-- AddThis Share Buttons generic via filter on the_content -->","protected":false},"excerpt":{"rendered":"<p>En el marco de la decisi\u00f3n de acompa\u00f1ar a las instituciones de Esperanza, los precandidatos a [&hellip;]<!-- AddThis Advanced Settings generic via filter on get_the_excerpt --><!-- AddThis Share Buttons generic via filter on get_the_excerpt --><\/p>\n","protected":false},"author":13,"featured_media":28759,"comment_status":"open","ping_status":"open","sticky":false,"template":"","format":"standard","meta":{"_seopress_robots_primary_cat":"","_seopress_titles_title":"","_seopress_titles_desc":"","_seopress_robots_index":"","_themeisle_gutenberg_block_has_review":false,"footnotes":""},"categories":[47],"tags":[],"class_list":["post-28758","post","type-post","status-publish","format-standard","has-post-thumbnail","hentry","category-locales"],"_links":{"self":[{"href":"https:\/\/www.almargenweb.com.ar\/web\/wp-json\/wp\/v2\/posts\/28758","targetHints":{"allow":["GET"]}}],"collection":[{"href":"https:\/\/www.almargenweb.com.ar\/web\/wp-json\/wp\/v2\/posts"}],"about":[{"href":"https:\/\/www.almargenweb.com.ar\/web\/wp-json\/wp\/v2\/types\/post"}],"author":[{"embeddable":true,"href":"https:\/\/www.almargenweb.com.ar\/web\/wp-json\/wp\/v2\/users\/13"}],"replies":[{"embeddable":true,"href":"https:\/\/www.almargenweb.com.ar\/web\/wp-json\/wp\/v2\/comments?post=28758"}],"version-history":[{"count":1,"href":"https:\/\/www.almargenweb.com.ar\/web\/wp-json\/wp\/v2\/posts\/28758\/revisions"}],"predecessor-version":[{"id":28762,"href":"https:\/\/www.almargenweb.com.ar\/web\/wp-json\/wp\/v2\/posts\/28758\/revisions\/28762"}],"wp:featuredmedia":[{"embeddable":true,"href":"https:\/\/www.almargenweb.com.ar\/web\/wp-json\/wp\/v2\/media\/28759"}],"wp:attachment":[{"href":"https:\/\/www.almargenweb.com.ar\/web\/wp-json\/wp\/v2\/media?parent=28758"}],"wp:term":[{"taxonomy":"category","embeddable":true,"href":"https:\/\/www.almargenweb.com.ar\/web\/wp-json\/wp\/v2\/categories?post=28758"},{"taxonomy":"post_tag","embeddable":true,"href":"https:\/\/www.almargenweb.com.ar\/web\/wp-json\/wp\/v2\/tags?post=28758"}],"curies":[{"name":"wp","href":"https:\/\/api.w.org\/{rel}","templated":true}]}}