{"id":28737,"date":"2019-03-01T12:54:01","date_gmt":"2019-03-01T15:54:01","guid":{"rendered":"http:\/\/www.almargenweb.com.ar\/web\/?p=28737"},"modified":"2019-03-01T12:54:02","modified_gmt":"2019-03-01T15:54:02","slug":"la-obra-de-papa-era-para-todos-dijo-la-hija-de-juan-arancio","status":"publish","type":"post","link":"https:\/\/www.almargenweb.com.ar\/web\/la-obra-de-papa-era-para-todos-dijo-la-hija-de-juan-arancio\/","title":{"rendered":"\u201cLa obra de pap\u00e1 era para todos\u201d, dijo la hija de Juan Arancio"},"content":{"rendered":"\n<p><strong>Andrea<\/strong>, hija del artista fallecido, expres\u00f3: \u201c<em>Se del cari\u00f1o incondicional que tuvieron&nbsp;<\/em>(por Hugo Isaak y Juan Carlos Bettanin)<em>&nbsp;por pap\u00e1, siempre estuvieron para apoyarlo en su obra, en sus presentaciones<\/em>\u201c.<\/p>\n\n\n\n<p>\u201c<em>Fue una liberaci\u00f3n para \u00e9l en el sentido de que ya no tiene ese impedimento que tanto le dol\u00eda&nbsp;<\/em>(en relaci\u00f3n al parkinson que padec\u00eda<em>). El deterioro f\u00edsico no lo merece nadie, menos \u00e9l que era un tipo incre\u00edble. Recuerdo una exposici\u00f3n en el (Museo) Rosa Galisteo que explot\u00f3, hab\u00eda hasta granaderos en la puerta<\/em>\u201c, dijo la consultada.<\/p>\n\n\n\n<p>Y agreg\u00f3: \u201c<em>Con una gran amiga, Madre Selva Lucero organiz\u00f3 una exposici\u00f3n en el (Museo) Sor Josefa, que cruz\u00f3 la peatonal. Yo no hab\u00eda visto una exposici\u00f3n de arte que corte la calle San Mart\u00edn. No pod\u00edamos ni entrar, hac\u00eda un calor ah\u00ed adentro. Ese era el amor que le ten\u00edan al Juan. Estaban desde una nena que se hab\u00eda criado con \u00e9l en la isla cuando eran chiquititos, hasta la secretaria de Cultura. Era para todos, no necesita de explicaciones el arte de pap\u00e1<\/em>\u201c, dijo Andrea.<\/p>\n\n\n\n<p>En el velatorio, Andrea mencion\u00f3: \u201c<em>Estoy rodeada de amigos, con&nbsp;Norma Segades de Man\u00edas y V\u00edctor Anchaval que le ha hecho canciones a pap\u00e1. Norma junto con Danilo recorr\u00edan la provincia, escrib\u00edan poes\u00eda. Han pasado d\u00edas y noches compartiendo con pap\u00e1<\/em>\u201c.<\/p>\n\n\n\n<h5 class=\"wp-block-heading\"><strong>An\u00e9cdotas<\/strong><\/h5>\n\n\n\n<p>A su tiempo,&nbsp;<strong>Norma Segades de Man\u00edas<\/strong>&nbsp;cont\u00f3: \u201c<em>No encuentro una sola an\u00e9cdota seria que contar de Juan. Nos divert\u00edamos tanto, era una persona tan especial Juan, te llegaba al alma. Una noche, en esas raras ocasiones del destino, tuvimos un encuentro con escritores rusos. Me acuerdo de verlos recorrer una especie de exposici\u00f3n improvisada que hab\u00edamos armado y a uno de ellos mirando la obra de Juan. Todos reconoc\u00edamos el idioma del otro. Se par\u00f3 en el cuadro del chico dormido sobre el lomo de un perro, levant\u00f3 el pu\u00f1o. Se dio vuelta con el pu\u00f1o levantado y lo mostr\u00f3. Mostr\u00f3 el pu\u00f1o. Con esa cr\u00edtica a m\u00ed me bast\u00f3, porque la fuerza en su denuncia constante que ten\u00eda Juan contra todo lo que nos pas\u00f3 y que nos pasa, ten\u00eda la fuerza que nace del coraz\u00f3n solidario<\/em>\u201c.<\/p>\n\n\n\n<p>Por \u00faltimo,<\/p>\n\n\n\n<p>dijo: \u201c<em>Estamos acompa\u00f1\u00e1ndolo en este momento como lo acompa\u00f1amos en vida. Hemos andado tanto con Juan, cu\u00e1nto nos hemos querido, y lo ama y lo quiere la gente. Hablar de la obra de Juan no es necesario porque la gente la conoce. Hablar de la persona de Juan que es un hermano, con el que fuimos a tantos lugares. Todos quer\u00edan estar cerca de \u00e9l. Por cuestiones de trabajo me ha tocado estar en el norte de la provincia de Buenos Aires, Rosario, Chaco, Entre R\u00edos\u2026 y vos dec\u00edas Santa Fe\u2026 \u00bf Y qu\u00e9 dec\u00edan? Arancio, Arancio<\/em>\u201c. <\/p>\n<!-- AddThis Advanced Settings generic via filter on the_content --><!-- AddThis Share Buttons generic via filter on the_content -->","protected":false},"excerpt":{"rendered":"<p>Andrea, hija del artista fallecido, expres\u00f3: \u201cSe del cari\u00f1o incondicional que tuvieron&nbsp;(por Hugo Isaak y Juan [&hellip;]<!-- AddThis Advanced Settings generic via filter on get_the_excerpt --><!-- AddThis Share Buttons generic via filter on get_the_excerpt --><\/p>\n","protected":false},"author":14,"featured_media":28738,"comment_status":"open","ping_status":"open","sticky":false,"template":"","format":"standard","meta":{"_seopress_robots_primary_cat":"","_seopress_titles_title":"","_seopress_titles_desc":"","_seopress_robots_index":"","_themeisle_gutenberg_block_has_review":false,"footnotes":""},"categories":[1],"tags":[237,238],"class_list":["post-28737","post","type-post","status-publish","format-standard","has-post-thumbnail","hentry","category-sin-categoria","tag-arancio","tag-pintor"],"_links":{"self":[{"href":"https:\/\/www.almargenweb.com.ar\/web\/wp-json\/wp\/v2\/posts\/28737","targetHints":{"allow":["GET"]}}],"collection":[{"href":"https:\/\/www.almargenweb.com.ar\/web\/wp-json\/wp\/v2\/posts"}],"about":[{"href":"https:\/\/www.almargenweb.com.ar\/web\/wp-json\/wp\/v2\/types\/post"}],"author":[{"embeddable":true,"href":"https:\/\/www.almargenweb.com.ar\/web\/wp-json\/wp\/v2\/users\/14"}],"replies":[{"embeddable":true,"href":"https:\/\/www.almargenweb.com.ar\/web\/wp-json\/wp\/v2\/comments?post=28737"}],"version-history":[{"count":1,"href":"https:\/\/www.almargenweb.com.ar\/web\/wp-json\/wp\/v2\/posts\/28737\/revisions"}],"predecessor-version":[{"id":28739,"href":"https:\/\/www.almargenweb.com.ar\/web\/wp-json\/wp\/v2\/posts\/28737\/revisions\/28739"}],"wp:featuredmedia":[{"embeddable":true,"href":"https:\/\/www.almargenweb.com.ar\/web\/wp-json\/wp\/v2\/media\/28738"}],"wp:attachment":[{"href":"https:\/\/www.almargenweb.com.ar\/web\/wp-json\/wp\/v2\/media?parent=28737"}],"wp:term":[{"taxonomy":"category","embeddable":true,"href":"https:\/\/www.almargenweb.com.ar\/web\/wp-json\/wp\/v2\/categories?post=28737"},{"taxonomy":"post_tag","embeddable":true,"href":"https:\/\/www.almargenweb.com.ar\/web\/wp-json\/wp\/v2\/tags?post=28737"}],"curies":[{"name":"wp","href":"https:\/\/api.w.org\/{rel}","templated":true}]}}