{"id":28722,"date":"2019-02-27T21:32:01","date_gmt":"2019-02-28T00:32:01","guid":{"rendered":"http:\/\/www.almargenweb.com.ar\/web\/?p=28722"},"modified":"2019-02-27T21:32:03","modified_gmt":"2019-02-28T00:32:03","slug":"faltan-dias-para-la-fiesta-provincial-del-camionero-en-sarmiento","status":"publish","type":"post","link":"https:\/\/www.almargenweb.com.ar\/web\/faltan-dias-para-la-fiesta-provincial-del-camionero-en-sarmiento\/","title":{"rendered":"Faltan d\u00edas para la Fiesta Provincial del Camionero en Sarmiento"},"content":{"rendered":"\n<p>La Comuna de Sarmiento invita a participar de la 19\u00ba Fiesta Provincial del Camionero a realizarse \u00e9ste s\u00e1bado a partir de las 20:30. Habr\u00e1 servicio de buffet, elecci\u00f3n de la reina y diferentes shows musicales.<\/p>\n\n\n\n<p><\/p>\n<!-- AddThis Advanced Settings generic via filter on the_content --><!-- AddThis Share Buttons generic via filter on the_content -->","protected":false},"excerpt":{"rendered":"<p>La Comuna de Sarmiento invita a participar de la 19\u00ba Fiesta Provincial del Camionero a realizarse [&hellip;]<!-- AddThis Advanced Settings generic via filter on get_the_excerpt --><!-- AddThis Share Buttons generic via filter on get_the_excerpt --><\/p>\n","protected":false},"author":13,"featured_media":28723,"comment_status":"open","ping_status":"open","sticky":false,"template":"","format":"standard","meta":{"_seopress_robots_primary_cat":"","_seopress_titles_title":"","_seopress_titles_desc":"","_seopress_robots_index":"","_themeisle_gutenberg_block_has_review":false,"footnotes":""},"categories":[21],"tags":[],"class_list":["post-28722","post","type-post","status-publish","format-standard","has-post-thumbnail","hentry","category-las-colonias"],"_links":{"self":[{"href":"https:\/\/www.almargenweb.com.ar\/web\/wp-json\/wp\/v2\/posts\/28722","targetHints":{"allow":["GET"]}}],"collection":[{"href":"https:\/\/www.almargenweb.com.ar\/web\/wp-json\/wp\/v2\/posts"}],"about":[{"href":"https:\/\/www.almargenweb.com.ar\/web\/wp-json\/wp\/v2\/types\/post"}],"author":[{"embeddable":true,"href":"https:\/\/www.almargenweb.com.ar\/web\/wp-json\/wp\/v2\/users\/13"}],"replies":[{"embeddable":true,"href":"https:\/\/www.almargenweb.com.ar\/web\/wp-json\/wp\/v2\/comments?post=28722"}],"version-history":[{"count":2,"href":"https:\/\/www.almargenweb.com.ar\/web\/wp-json\/wp\/v2\/posts\/28722\/revisions"}],"predecessor-version":[{"id":28725,"href":"https:\/\/www.almargenweb.com.ar\/web\/wp-json\/wp\/v2\/posts\/28722\/revisions\/28725"}],"wp:featuredmedia":[{"embeddable":true,"href":"https:\/\/www.almargenweb.com.ar\/web\/wp-json\/wp\/v2\/media\/28723"}],"wp:attachment":[{"href":"https:\/\/www.almargenweb.com.ar\/web\/wp-json\/wp\/v2\/media?parent=28722"}],"wp:term":[{"taxonomy":"category","embeddable":true,"href":"https:\/\/www.almargenweb.com.ar\/web\/wp-json\/wp\/v2\/categories?post=28722"},{"taxonomy":"post_tag","embeddable":true,"href":"https:\/\/www.almargenweb.com.ar\/web\/wp-json\/wp\/v2\/tags?post=28722"}],"curies":[{"name":"wp","href":"https:\/\/api.w.org\/{rel}","templated":true}]}}