{"id":28714,"date":"2019-02-25T11:15:01","date_gmt":"2019-02-25T14:15:01","guid":{"rendered":"http:\/\/www.almargenweb.com.ar\/web\/?p=28714"},"modified":"2019-02-25T11:15:02","modified_gmt":"2019-02-25T14:15:02","slug":"fascendini-participo-de-la-fiesta-de-la-cerveza-en-esperanza","status":"publish","type":"post","link":"https:\/\/www.almargenweb.com.ar\/web\/fascendini-participo-de-la-fiesta-de-la-cerveza-en-esperanza\/","title":{"rendered":"FASCENDINI PARTICIP\u00d3 DE LA FIESTA DE LA CERVEZA EN ESPERANZA"},"content":{"rendered":"\n<p>El vicegobernador de la provincia, Carlos Fascendini, estuvo presente el \u00faltimo s\u00e1bado en la primera jornada de la Fiesta de la Cerveza que organiz\u00f3 UCOES&nbsp; (Uni\u00f3n de Comerciantes de Esperanza) con el apoyo de la comisi\u00f3n directiva de la Sociedad de Canto, en el predio del ex ferrocarril.<\/p>\n\n\n\n<p>Lo acompa\u00f1aron el ministro de Gobierno, Pablo Far\u00edas y la presidenta comunal de Gr\u00fctly, Jimena Senn.<\/p>\n\n\n\n<p>Cabe destacar que Loter\u00eda de Santa Fe, el presidente de la C\u00e1mara de Diputados, Antonio Bonfatti y la Vicegobernaci\u00f3n aportaron&nbsp; $ 1.200.000 para la realizaci\u00f3n de este tradicional festejo en la&nbsp; historia de Esperanza.<\/p>\n\n\n\n<p>Los organizadores estimaron en mas de ocho mil personas la concurrencia del p\u00fablico que pudo disfrutar este fin de semana de actuaciones de reconocidos grupos musicales, humor y gastronom\u00eda t\u00edpica de la Fiesta de la Cerveza. Los asistentes colaboraron con alimentos no perecederos y \u00fatiles escolares.<\/p>\n\n\n\n<p>Adem\u00e1s, instituciones de Esperanza atendieron puestos que les permitieron reunir fondos para los fines sociales que llevan adelante.<\/p>\n\n\n\n<p><\/p>\n<!-- AddThis Advanced Settings generic via filter on the_content --><!-- AddThis Share Buttons generic via filter on the_content -->","protected":false},"excerpt":{"rendered":"<p>El vicegobernador de la provincia, Carlos Fascendini, estuvo presente el \u00faltimo s\u00e1bado en la primera jornada [&hellip;]<!-- AddThis Advanced Settings generic via filter on get_the_excerpt --><!-- AddThis Share Buttons generic via filter on get_the_excerpt --><\/p>\n","protected":false},"author":13,"featured_media":28715,"comment_status":"open","ping_status":"open","sticky":false,"template":"","format":"standard","meta":{"_seopress_robots_primary_cat":"","_seopress_titles_title":"","_seopress_titles_desc":"","_seopress_robots_index":"","_themeisle_gutenberg_block_has_review":false,"footnotes":""},"categories":[21],"tags":[],"class_list":["post-28714","post","type-post","status-publish","format-standard","has-post-thumbnail","hentry","category-las-colonias"],"_links":{"self":[{"href":"https:\/\/www.almargenweb.com.ar\/web\/wp-json\/wp\/v2\/posts\/28714","targetHints":{"allow":["GET"]}}],"collection":[{"href":"https:\/\/www.almargenweb.com.ar\/web\/wp-json\/wp\/v2\/posts"}],"about":[{"href":"https:\/\/www.almargenweb.com.ar\/web\/wp-json\/wp\/v2\/types\/post"}],"author":[{"embeddable":true,"href":"https:\/\/www.almargenweb.com.ar\/web\/wp-json\/wp\/v2\/users\/13"}],"replies":[{"embeddable":true,"href":"https:\/\/www.almargenweb.com.ar\/web\/wp-json\/wp\/v2\/comments?post=28714"}],"version-history":[{"count":1,"href":"https:\/\/www.almargenweb.com.ar\/web\/wp-json\/wp\/v2\/posts\/28714\/revisions"}],"predecessor-version":[{"id":28716,"href":"https:\/\/www.almargenweb.com.ar\/web\/wp-json\/wp\/v2\/posts\/28714\/revisions\/28716"}],"wp:featuredmedia":[{"embeddable":true,"href":"https:\/\/www.almargenweb.com.ar\/web\/wp-json\/wp\/v2\/media\/28715"}],"wp:attachment":[{"href":"https:\/\/www.almargenweb.com.ar\/web\/wp-json\/wp\/v2\/media?parent=28714"}],"wp:term":[{"taxonomy":"category","embeddable":true,"href":"https:\/\/www.almargenweb.com.ar\/web\/wp-json\/wp\/v2\/categories?post=28714"},{"taxonomy":"post_tag","embeddable":true,"href":"https:\/\/www.almargenweb.com.ar\/web\/wp-json\/wp\/v2\/tags?post=28714"}],"curies":[{"name":"wp","href":"https:\/\/api.w.org\/{rel}","templated":true}]}}