{"id":28672,"date":"2019-02-19T11:31:46","date_gmt":"2019-02-19T14:31:46","guid":{"rendered":"http:\/\/www.almargenweb.com.ar\/web\/?p=28672"},"modified":"2019-02-19T11:31:47","modified_gmt":"2019-02-19T14:31:47","slug":"lifschitz-y-fascendini-inauguraron-obras-en-las-colonias","status":"publish","type":"post","link":"https:\/\/www.almargenweb.com.ar\/web\/lifschitz-y-fascendini-inauguraron-obras-en-las-colonias\/","title":{"rendered":"LIFSCHITZ Y FASCENDINI INAUGURARON OBRAS EN LAS COLONIAS"},"content":{"rendered":"\n<p>El vicegobernador, Carlos Fascendini junto al gobernador de la provincia, Miguel Lifschitz, participaron en el acto inaugural de la repavimentaci\u00f3n de la ruta provincial N\u00b0 6 desde la autov\u00eda 19 pasando por San Carlos Norte, San Carlos Centro y San Carlos Sur.<\/p>\n\n\n\n<p>El gobernador destac\u00f3 que &#8220;la provincia de Santa Fe aporta por a\u00f1o 90 mil millones en retenciones al Tesoro Nacional&#8221;<\/p>\n\n\n\n<p>&#8220;Siempre Santa Fe produce para la econom\u00eda nacional, pero los recursos no vuelven, por eso las cosas demoran y nos cuestan tanto. Adem\u00e1s hay que tener vocaci\u00f3n por la obra p\u00fablica -enfatiz\u00f3 Lifschitz &#8211; porque la inversi\u00f3n del Estado en obras es una manera de testimoniar la voluntad de un gobierno&#8221;<\/p>\n\n\n\n<p>A continuaci\u00f3n detall\u00f3 las principales obras en materia de viviendas, acueductos, educaci\u00f3n y salud de calidad para todos los santafesinos.<\/p>\n\n\n\n<p>&#8220;Cuando finalicemos nuestro mandato habremos invertido 100 mil millones de pesos, un monto sin precedentes en las \u00faltimas d\u00e9cadas&#8221;<\/p>\n\n\n\n<p>El gobernador destac\u00f3 la importancia del departamento Las Colonias y el trabajo mancomunado con legisladores, municipios y comunas que permite dinamizar la econom\u00eda mediante las gestiones provincial y locales que generan empleo a trav\u00e9s de la inversi\u00f3n en obras p\u00fablicas y lo ejemplific\u00f3 &#8220;con las 25.000 familias que perciben un sueldo a fin de mes fruto del trabajo en obras que ejecuta el Estado en la provincia&#8221;<\/p>\n\n\n\n<p><strong>LA OBRA DE RUTA 6<\/strong><\/p>\n\n\n\n<p>El tramo intervenido de la Ruta 6 presenta una longitud de 16 kil\u00f3metros desde la intersecci\u00f3n con la Ruta Nacional 19, pasando por San Carlos Norte y San Carlos Centro, hasta San Carlos Sur.<\/p>\n\n\n\n<p>Sobre la vieja traza de pavimento de hormig\u00f3n se construy\u00f3 una carpeta de concreto asf\u00e1ltico modificado con pol\u00edmeros, lo que generar\u00e1 mayor resistencia al flujo de transportes. Adem\u00e1s, se colocaron geogrillas y se\u00f1alizaci\u00f3n horizontal y vertical.<\/p>\n\n\n\n<p><strong>REPAVIMENTACI\u00d3N DE RUTA 4 ENTRE ELISA Y MARIA LUISA<\/strong><\/p>\n\n\n\n<p>Tras participar del acto en San Carlos Centro, ambos mandatarios se trasladaron a Elisa para dejar inaugurada la repavimentaci\u00f3n de la ruta 4 entre Elisa y Maria Luisa.<\/p>\n\n\n\n<p>Los trabajos demandaron una inversi\u00f3n de $ 233.143.756 y como lo explic\u00f3 el Administrador de Vialidad Provincial, Pablo Seghezzo, es una obra emblem\u00e1tica por su impacto en la conectividad de localidades del departamento Las Colonias y porque constituye una traza por la que se traslada la producci\u00f3n desde el centro de la provincia adem\u00e1s de unir los departamentos San Crist\u00f3bal, Las Colonias y La Capital.<br><\/p>\n\n\n\n<p><\/p>\n<!-- AddThis Advanced Settings generic via filter on the_content --><!-- AddThis Share Buttons generic via filter on the_content -->","protected":false},"excerpt":{"rendered":"<p>El vicegobernador, Carlos Fascendini junto al gobernador de la provincia, Miguel Lifschitz, participaron en el acto [&hellip;]<!-- AddThis Advanced Settings generic via filter on get_the_excerpt --><!-- AddThis Share Buttons generic via filter on get_the_excerpt --><\/p>\n","protected":false},"author":13,"featured_media":28673,"comment_status":"open","ping_status":"open","sticky":false,"template":"","format":"standard","meta":{"_seopress_robots_primary_cat":"","_seopress_titles_title":"","_seopress_titles_desc":"","_seopress_robots_index":"","_themeisle_gutenberg_block_has_review":false,"footnotes":""},"categories":[21],"tags":[],"class_list":["post-28672","post","type-post","status-publish","format-standard","has-post-thumbnail","hentry","category-las-colonias"],"_links":{"self":[{"href":"https:\/\/www.almargenweb.com.ar\/web\/wp-json\/wp\/v2\/posts\/28672","targetHints":{"allow":["GET"]}}],"collection":[{"href":"https:\/\/www.almargenweb.com.ar\/web\/wp-json\/wp\/v2\/posts"}],"about":[{"href":"https:\/\/www.almargenweb.com.ar\/web\/wp-json\/wp\/v2\/types\/post"}],"author":[{"embeddable":true,"href":"https:\/\/www.almargenweb.com.ar\/web\/wp-json\/wp\/v2\/users\/13"}],"replies":[{"embeddable":true,"href":"https:\/\/www.almargenweb.com.ar\/web\/wp-json\/wp\/v2\/comments?post=28672"}],"version-history":[{"count":1,"href":"https:\/\/www.almargenweb.com.ar\/web\/wp-json\/wp\/v2\/posts\/28672\/revisions"}],"predecessor-version":[{"id":28674,"href":"https:\/\/www.almargenweb.com.ar\/web\/wp-json\/wp\/v2\/posts\/28672\/revisions\/28674"}],"wp:featuredmedia":[{"embeddable":true,"href":"https:\/\/www.almargenweb.com.ar\/web\/wp-json\/wp\/v2\/media\/28673"}],"wp:attachment":[{"href":"https:\/\/www.almargenweb.com.ar\/web\/wp-json\/wp\/v2\/media?parent=28672"}],"wp:term":[{"taxonomy":"category","embeddable":true,"href":"https:\/\/www.almargenweb.com.ar\/web\/wp-json\/wp\/v2\/categories?post=28672"},{"taxonomy":"post_tag","embeddable":true,"href":"https:\/\/www.almargenweb.com.ar\/web\/wp-json\/wp\/v2\/tags?post=28672"}],"curies":[{"name":"wp","href":"https:\/\/api.w.org\/{rel}","templated":true}]}}