{"id":28650,"date":"2019-02-18T12:39:40","date_gmt":"2019-02-18T15:39:40","guid":{"rendered":"http:\/\/www.almargenweb.com.ar\/web\/?p=28650"},"modified":"2019-02-18T12:39:43","modified_gmt":"2019-02-18T15:39:43","slug":"muller-participo-de-la-fiesta-del-agua","status":"publish","type":"post","link":"https:\/\/www.almargenweb.com.ar\/web\/muller-participo-de-la-fiesta-del-agua\/","title":{"rendered":"M\u00fcller participo de la Fiesta del Agua"},"content":{"rendered":"\n<p>El Dr. Rodrigo M\u00fcller y Eduardo \u201cCococho\u201d Carruega participaron<br>\nde la Fiesta del Agua en Pujato Norte donde realizaron la entrega<br>\nde la declaraci\u00f3n de inter\u00e9s tur\u00edstico de la Provincia de Santa Fe.<br>\nLa declaraci\u00f3n de inter\u00e9s tur\u00edstico que otorga la Secretaria de<br>\nTurismo de la Provincia de Santa Fe es importante porque resulta<br>\nun antecedente fundamental para obtener el reconocimiento como<br>\nFiesta Provincial en la Provincia de Santa Fe.<br>\nDurante dicha visita M\u00fcller y Carruega conversaron con los<br>\norganizadores y reconocieron el trabajo que a\u00f1o a a\u00f1o viene<br>\nrealizando la Comisi\u00f3n Organizadora de la Fiesta.<\/p>\n<!-- AddThis Advanced Settings generic via filter on the_content --><!-- AddThis Share Buttons generic via filter on the_content -->","protected":false},"excerpt":{"rendered":"<p>El Dr. Rodrigo M\u00fcller y Eduardo \u201cCococho\u201d Carruega participaron de la Fiesta del Agua en Pujato [&hellip;]<!-- AddThis Advanced Settings generic via filter on get_the_excerpt --><!-- AddThis Share Buttons generic via filter on get_the_excerpt --><\/p>\n","protected":false},"author":14,"featured_media":28651,"comment_status":"open","ping_status":"open","sticky":false,"template":"","format":"standard","meta":{"_seopress_robots_primary_cat":"","_seopress_titles_title":"","_seopress_titles_desc":"","_seopress_robots_index":"","_themeisle_gutenberg_block_has_review":false,"footnotes":""},"categories":[1],"tags":[],"class_list":["post-28650","post","type-post","status-publish","format-standard","has-post-thumbnail","hentry","category-sin-categoria"],"_links":{"self":[{"href":"https:\/\/www.almargenweb.com.ar\/web\/wp-json\/wp\/v2\/posts\/28650","targetHints":{"allow":["GET"]}}],"collection":[{"href":"https:\/\/www.almargenweb.com.ar\/web\/wp-json\/wp\/v2\/posts"}],"about":[{"href":"https:\/\/www.almargenweb.com.ar\/web\/wp-json\/wp\/v2\/types\/post"}],"author":[{"embeddable":true,"href":"https:\/\/www.almargenweb.com.ar\/web\/wp-json\/wp\/v2\/users\/14"}],"replies":[{"embeddable":true,"href":"https:\/\/www.almargenweb.com.ar\/web\/wp-json\/wp\/v2\/comments?post=28650"}],"version-history":[{"count":1,"href":"https:\/\/www.almargenweb.com.ar\/web\/wp-json\/wp\/v2\/posts\/28650\/revisions"}],"predecessor-version":[{"id":28652,"href":"https:\/\/www.almargenweb.com.ar\/web\/wp-json\/wp\/v2\/posts\/28650\/revisions\/28652"}],"wp:featuredmedia":[{"embeddable":true,"href":"https:\/\/www.almargenweb.com.ar\/web\/wp-json\/wp\/v2\/media\/28651"}],"wp:attachment":[{"href":"https:\/\/www.almargenweb.com.ar\/web\/wp-json\/wp\/v2\/media?parent=28650"}],"wp:term":[{"taxonomy":"category","embeddable":true,"href":"https:\/\/www.almargenweb.com.ar\/web\/wp-json\/wp\/v2\/categories?post=28650"},{"taxonomy":"post_tag","embeddable":true,"href":"https:\/\/www.almargenweb.com.ar\/web\/wp-json\/wp\/v2\/tags?post=28650"}],"curies":[{"name":"wp","href":"https:\/\/api.w.org\/{rel}","templated":true}]}}