{"id":28646,"date":"2019-02-18T12:31:33","date_gmt":"2019-02-18T15:31:33","guid":{"rendered":"http:\/\/www.almargenweb.com.ar\/web\/?p=28646"},"modified":"2019-02-18T12:32:17","modified_gmt":"2019-02-18T15:32:17","slug":"postergaron-el-inicio-del-juicio-a-cristina-fernandez-por-la-obra-publica","status":"publish","type":"post","link":"https:\/\/www.almargenweb.com.ar\/web\/postergaron-el-inicio-del-juicio-a-cristina-fernandez-por-la-obra-publica\/","title":{"rendered":"Postergaron el inicio del juicio a Cristina Fern\u00e1ndez por la obra p\u00fablica"},"content":{"rendered":"\n<p>El Tribunal Oral Federal (TOF) 2 decidi\u00f3 postergar al 21 de mayo el inicio del juicio a la ex Presidenta Cristina Fern\u00e1ndez de Kirchner por el supuesto direccionamiento de la obra p\u00fablica, a ra\u00edz de los problemas de salud de uno de los jueces que integran el tribunal.<\/p>\n\n\n\n<p><br>Fuentes judiciales informaron hoy a T\u00e9lam que el motivo de la postergaci\u00f3n del comienzo del juicio, que estaba agendado para el 26 de febrero, es un problema de salud de Jorge Tassara, uno de los jueces del TOF, que ma\u00f1ana ser\u00e1 sometido a una cirug\u00eda de triple by pass coronario.<\/p>\n\n\n\n<p><br>Los otros dos integrantes del TOF 2, Jorge Gorini y Rodrigo Gim\u00e9nez Uriburu, optaron por postergar el inicio del debate oral y esperar a su colega en lugar de incorporar a un reemplazante.<\/p>\n\n\n\n<p><br>\u201cEntre recusaciones, excusaciones y compromisos de agenda, la incorporaci\u00f3n de un nuevo juez llevar\u00eda el mismo, o m\u00e1s tiempo\u201d, explicaron a T\u00e9lam fuentes judiciales.&nbsp;<\/p>\n\n\n\n<p><br>La decisi\u00f3n de los jueces del TOF 2 fue plasmada esta ma\u00f1ana en un fallo de 6 p\u00e1ginas en el que los propios magistrados dieron cuenta de que \u201cTassara fue internado a los fines de ser sometido a una operaci\u00f3n de urgencia del tipo by pass aorto-coronario a ra\u00edz de una obstrucci\u00f3n de las arterias coronarias\u201d.<\/p>\n\n\n\n<p><br>\u201cTrasl\u00e1dese el inicio del juicio oral y p\u00fablico de la presente causa para el d\u00eda 21 de mayo del corriente a\u00f1o a las doce horas\u201d, resolvieron los jueces.<\/p>\n\n\n\n<p><br>En el debate oral y p\u00fablico la ex mandataria y actual senadora ser\u00e1 juzgada junto a otras 15 personas entre las que se encuentra el empresario detenido L\u00e1zaro B\u00e1ez, quien se habr\u00eda beneficiado con el supuesto direccionamiento de la obra p\u00fablica.&nbsp;<\/p>\n\n\n\n<p><br>En el juicio se ventilar\u00e1 la firma de 52 contratos de obra p\u00fablica vial por un valor actualizado de 46 mil millones de pesos.<\/p>\n<!-- AddThis Advanced Settings generic via filter on the_content --><!-- AddThis Share Buttons generic via filter on the_content -->","protected":false},"excerpt":{"rendered":"<p>El Tribunal Oral Federal (TOF) 2 decidi\u00f3 postergar al 21 de mayo el inicio del juicio [&hellip;]<!-- AddThis Advanced Settings generic via filter on get_the_excerpt --><!-- AddThis Share Buttons generic via filter on get_the_excerpt --><\/p>\n","protected":false},"author":14,"featured_media":28647,"comment_status":"open","ping_status":"open","sticky":false,"template":"","format":"standard","meta":{"_seopress_robots_primary_cat":"","_seopress_titles_title":"","_seopress_titles_desc":"","_seopress_robots_index":"","_themeisle_gutenberg_block_has_review":false,"footnotes":""},"categories":[1],"tags":[],"class_list":["post-28646","post","type-post","status-publish","format-standard","has-post-thumbnail","hentry","category-sin-categoria"],"_links":{"self":[{"href":"https:\/\/www.almargenweb.com.ar\/web\/wp-json\/wp\/v2\/posts\/28646","targetHints":{"allow":["GET"]}}],"collection":[{"href":"https:\/\/www.almargenweb.com.ar\/web\/wp-json\/wp\/v2\/posts"}],"about":[{"href":"https:\/\/www.almargenweb.com.ar\/web\/wp-json\/wp\/v2\/types\/post"}],"author":[{"embeddable":true,"href":"https:\/\/www.almargenweb.com.ar\/web\/wp-json\/wp\/v2\/users\/14"}],"replies":[{"embeddable":true,"href":"https:\/\/www.almargenweb.com.ar\/web\/wp-json\/wp\/v2\/comments?post=28646"}],"version-history":[{"count":2,"href":"https:\/\/www.almargenweb.com.ar\/web\/wp-json\/wp\/v2\/posts\/28646\/revisions"}],"predecessor-version":[{"id":28649,"href":"https:\/\/www.almargenweb.com.ar\/web\/wp-json\/wp\/v2\/posts\/28646\/revisions\/28649"}],"wp:featuredmedia":[{"embeddable":true,"href":"https:\/\/www.almargenweb.com.ar\/web\/wp-json\/wp\/v2\/media\/28647"}],"wp:attachment":[{"href":"https:\/\/www.almargenweb.com.ar\/web\/wp-json\/wp\/v2\/media?parent=28646"}],"wp:term":[{"taxonomy":"category","embeddable":true,"href":"https:\/\/www.almargenweb.com.ar\/web\/wp-json\/wp\/v2\/categories?post=28646"},{"taxonomy":"post_tag","embeddable":true,"href":"https:\/\/www.almargenweb.com.ar\/web\/wp-json\/wp\/v2\/tags?post=28646"}],"curies":[{"name":"wp","href":"https:\/\/api.w.org\/{rel}","templated":true}]}}