{"id":28621,"date":"2019-02-11T11:05:47","date_gmt":"2019-02-11T14:05:47","guid":{"rendered":"http:\/\/www.almargenweb.com.ar\/web\/?p=28621"},"modified":"2019-02-11T11:05:49","modified_gmt":"2019-02-11T14:05:49","slug":"fascendini-entrego-aportes-a-escuelas-e-instituciones","status":"publish","type":"post","link":"https:\/\/www.almargenweb.com.ar\/web\/fascendini-entrego-aportes-a-escuelas-e-instituciones\/","title":{"rendered":"FASCENDINI ENTREG\u00d3 APORTES A ESCUELAS E INSTITUCIONES"},"content":{"rendered":"\n<p><\/p>\n\n\n\n<p>El vicegobernador de la provincia, Carlos Fascendini, hizo entrega de equipamientos y un aporte en la sede de la Asociaci\u00f3n para el Desarrollo con sede en Esperanza.<\/p>\n\n\n\n<p>Se trata de cuatro equipos de aire acondicionado para la Escuela Normal Superior N\u00b0 30 y dos para la Escuela &#8220;Mercedes Z. de Iriondo&#8221; ubicada en el Barrio La Orilla.<\/p>\n\n\n\n<p>Por su parte, el Colegio Nuestra Se\u00f1ora del Huerto recibi\u00f3 10 pizarrones que se suman a otros 10 entregados el a\u00f1o pasado.<\/p>\n\n\n\n<p>El Club Uni\u00f3n de Esperanza recibi\u00f3 un aporte para colaborar con el desempe\u00f1o de sus actividades deportivas e institucionales.<\/p>\n\n\n\n<p>RESPUESTAS DEL VICEGOBERNADOR<\/p>\n\n\n\n<p>En di\u00e1logo con la prensa, Fascendini anunci\u00f3 que la construcci\u00f3n de la nueva escuela secundaria del Barrio La Orilla tiene un avance del 45% y estim\u00f3 su finalizaci\u00f3n para el mes de junio.<\/p>\n\n\n\n<p>Tambi\u00e9n se refiri\u00f3 al aporte de la Provincia para las estructuras met\u00e1licas del Centro de Educaci\u00f3n F\u00edsica N\u00b0 17 que funciona aleda\u00f1o a la Escuela San Mart\u00edn. Para esta obra el gobierno provincial destin\u00f3 $ 160.000 y se reforzar\u00e1n con aportes del Programa de Fortalecimiento Institucional del Senado.<\/p>\n\n\n\n<p>Se trabaja en la re licitaci\u00f3n de las ampliaciones en la Escuela de Educaci\u00f3n T\u00e9cnica &#8220;Gregoria Matorras&#8221; que se financian con&nbsp; fondos nacionales y que se paraliz\u00f3 por incumplimientos de la contratista<\/p>\n\n\n\n<p>Adelant\u00f3 que se instalar\u00e1 iluminaci\u00f3n LED en la zona urbana de la ruta 6.<\/p>\n\n\n\n<p>Entre las obras financiadas por el gobierno provincial subray\u00f3 la finalizaci\u00f3n del canal Alem y el entubamiento en Colonia Pujol para mejorar el escurrimiento en las proximidades de los puentes y aliviadores de la ruta 70.<\/p>\n\n\n\n<p>Sobre el programa de pavimento urbano record\u00f3 que a Esperanza le asignaron 30 millones de pesos.<\/p>\n\n\n\n<p>Finalmente, el vicegobernador expres\u00f3 que &#8220;el fracaso del gobierno nacional es evidente&#8221; y obliga a la administraci\u00f3n provincial a ser muy prudente porque los niveles de recaudaci\u00f3n han bajado, por lo cual el gobernador ha ordenado reducciones de partidas excepto en salud, seguridad y obra p\u00fablica que se sostendr\u00e1n porque son &#8220;dinamizadoras de la econom\u00eda y permiten mantener los niveles de empleo&#8221;.<br><\/p>\n<!-- AddThis Advanced Settings generic via filter on the_content --><!-- AddThis Share Buttons generic via filter on the_content -->","protected":false},"excerpt":{"rendered":"<p>El vicegobernador de la provincia, Carlos Fascendini, hizo entrega de equipamientos y un aporte en la [&hellip;]<!-- AddThis Advanced Settings generic via filter on get_the_excerpt --><!-- AddThis Share Buttons generic via filter on get_the_excerpt --><\/p>\n","protected":false},"author":13,"featured_media":28622,"comment_status":"open","ping_status":"open","sticky":false,"template":"","format":"standard","meta":{"_seopress_robots_primary_cat":"","_seopress_titles_title":"","_seopress_titles_desc":"","_seopress_robots_index":"","_themeisle_gutenberg_block_has_review":false,"footnotes":""},"categories":[47],"tags":[],"class_list":["post-28621","post","type-post","status-publish","format-standard","has-post-thumbnail","hentry","category-locales"],"_links":{"self":[{"href":"https:\/\/www.almargenweb.com.ar\/web\/wp-json\/wp\/v2\/posts\/28621","targetHints":{"allow":["GET"]}}],"collection":[{"href":"https:\/\/www.almargenweb.com.ar\/web\/wp-json\/wp\/v2\/posts"}],"about":[{"href":"https:\/\/www.almargenweb.com.ar\/web\/wp-json\/wp\/v2\/types\/post"}],"author":[{"embeddable":true,"href":"https:\/\/www.almargenweb.com.ar\/web\/wp-json\/wp\/v2\/users\/13"}],"replies":[{"embeddable":true,"href":"https:\/\/www.almargenweb.com.ar\/web\/wp-json\/wp\/v2\/comments?post=28621"}],"version-history":[{"count":1,"href":"https:\/\/www.almargenweb.com.ar\/web\/wp-json\/wp\/v2\/posts\/28621\/revisions"}],"predecessor-version":[{"id":28623,"href":"https:\/\/www.almargenweb.com.ar\/web\/wp-json\/wp\/v2\/posts\/28621\/revisions\/28623"}],"wp:featuredmedia":[{"embeddable":true,"href":"https:\/\/www.almargenweb.com.ar\/web\/wp-json\/wp\/v2\/media\/28622"}],"wp:attachment":[{"href":"https:\/\/www.almargenweb.com.ar\/web\/wp-json\/wp\/v2\/media?parent=28621"}],"wp:term":[{"taxonomy":"category","embeddable":true,"href":"https:\/\/www.almargenweb.com.ar\/web\/wp-json\/wp\/v2\/categories?post=28621"},{"taxonomy":"post_tag","embeddable":true,"href":"https:\/\/www.almargenweb.com.ar\/web\/wp-json\/wp\/v2\/tags?post=28621"}],"curies":[{"name":"wp","href":"https:\/\/api.w.org\/{rel}","templated":true}]}}