{"id":28602,"date":"2019-02-06T10:29:53","date_gmt":"2019-02-06T13:29:53","guid":{"rendered":"http:\/\/www.almargenweb.com.ar\/web\/?p=28602"},"modified":"2019-02-06T10:30:00","modified_gmt":"2019-02-06T13:30:00","slug":"se-inaugura-la-colocacion-del-reloj-en-el-templo-nuestra-sra-de-lourdes-en-san-carlos-sud","status":"publish","type":"post","link":"https:\/\/www.almargenweb.com.ar\/web\/se-inaugura-la-colocacion-del-reloj-en-el-templo-nuestra-sra-de-lourdes-en-san-carlos-sud\/","title":{"rendered":"SE INAUGURA LA COLOCACI\u00d3N DEL RELOJ EN EL TEMPLO NUESTRA SRA. DE LOURDES EN SAN CARLOS SUD"},"content":{"rendered":"\n<p><\/p>\n\n\n\n<p>Tal como lo comunic\u00e1ramos oportunamente, y gracias a gestiones llevadas a cabo por el Presidente Comunal de la localidad Arq. Santiago Walker ante el Vicegobernador de la Provincia CPN Carlos A. Fascendini, el armado del reloj para ser colocado en la torre del Templo \u201cNuestra Sra. De Lourdes\u201d se encuentra en la \u00faltima etapa de ejecuci\u00f3n, con la colocaci\u00f3n de la m\u00e1quina del reloj y el armado en la torre, estando el \u00faltimo a cargo de la empresa Marmoler\u00eda Chipolatti y el corte del mismo fue gentileza de la empresa Desinmec Ingenieria S.A.<\/p>\n\n\n\n<p>\u00c9sta obra quedar\u00e1 inaugurada el pr\u00f3ximo Lunes 11 de Febrero, en ocasi\u00f3n de celebrarse la festividad de Nuestra Sra. De Lourdes, patrona de nuestra localidad.<\/p>\n\n\n\n<p><\/p>\n\n\n\n<div class=\"wp-block-image\"><figure class=\"aligncenter\"><img loading=\"lazy\" decoding=\"async\" width=\"638\" height=\"1024\" src=\"https:\/\/www.almargenweb.com.ar\/web\/wp-content\/uploads\/2019\/02\/1-638x1024.jpeg\" alt=\"\" class=\"wp-image-28603\" srcset=\"https:\/\/www.almargenweb.com.ar\/web\/wp-content\/uploads\/2019\/02\/1-638x1024.jpeg 638w, https:\/\/www.almargenweb.com.ar\/web\/wp-content\/uploads\/2019\/02\/1-187x300.jpeg 187w, https:\/\/www.almargenweb.com.ar\/web\/wp-content\/uploads\/2019\/02\/1.jpeg 748w\" sizes=\"auto, (max-width: 638px) 100vw, 638px\" \/><\/figure><\/div>\n<!-- AddThis Advanced Settings generic via filter on the_content --><!-- AddThis Share Buttons generic via filter on the_content -->","protected":false},"excerpt":{"rendered":"<p>Tal como lo comunic\u00e1ramos oportunamente, y gracias a gestiones llevadas a cabo por el Presidente Comunal [&hellip;]<!-- AddThis Advanced Settings generic via filter on get_the_excerpt --><!-- AddThis Share Buttons generic via filter on get_the_excerpt --><\/p>\n","protected":false},"author":13,"featured_media":28604,"comment_status":"open","ping_status":"open","sticky":false,"template":"","format":"standard","meta":{"_seopress_robots_primary_cat":"","_seopress_titles_title":"","_seopress_titles_desc":"","_seopress_robots_index":"","_themeisle_gutenberg_block_has_review":false,"footnotes":""},"categories":[21],"tags":[],"class_list":["post-28602","post","type-post","status-publish","format-standard","has-post-thumbnail","hentry","category-las-colonias"],"_links":{"self":[{"href":"https:\/\/www.almargenweb.com.ar\/web\/wp-json\/wp\/v2\/posts\/28602","targetHints":{"allow":["GET"]}}],"collection":[{"href":"https:\/\/www.almargenweb.com.ar\/web\/wp-json\/wp\/v2\/posts"}],"about":[{"href":"https:\/\/www.almargenweb.com.ar\/web\/wp-json\/wp\/v2\/types\/post"}],"author":[{"embeddable":true,"href":"https:\/\/www.almargenweb.com.ar\/web\/wp-json\/wp\/v2\/users\/13"}],"replies":[{"embeddable":true,"href":"https:\/\/www.almargenweb.com.ar\/web\/wp-json\/wp\/v2\/comments?post=28602"}],"version-history":[{"count":2,"href":"https:\/\/www.almargenweb.com.ar\/web\/wp-json\/wp\/v2\/posts\/28602\/revisions"}],"predecessor-version":[{"id":28606,"href":"https:\/\/www.almargenweb.com.ar\/web\/wp-json\/wp\/v2\/posts\/28602\/revisions\/28606"}],"wp:featuredmedia":[{"embeddable":true,"href":"https:\/\/www.almargenweb.com.ar\/web\/wp-json\/wp\/v2\/media\/28604"}],"wp:attachment":[{"href":"https:\/\/www.almargenweb.com.ar\/web\/wp-json\/wp\/v2\/media?parent=28602"}],"wp:term":[{"taxonomy":"category","embeddable":true,"href":"https:\/\/www.almargenweb.com.ar\/web\/wp-json\/wp\/v2\/categories?post=28602"},{"taxonomy":"post_tag","embeddable":true,"href":"https:\/\/www.almargenweb.com.ar\/web\/wp-json\/wp\/v2\/tags?post=28602"}],"curies":[{"name":"wp","href":"https:\/\/api.w.org\/{rel}","templated":true}]}}