{"id":28585,"date":"2019-02-06T09:49:45","date_gmt":"2019-02-06T12:49:45","guid":{"rendered":"http:\/\/www.almargenweb.com.ar\/web\/?p=28585"},"modified":"2019-02-06T09:49:52","modified_gmt":"2019-02-06T12:49:52","slug":"el-gobierno-provincial-sortea-viviendas-en-grutly-y-lotes-en-franck","status":"publish","type":"post","link":"https:\/\/www.almargenweb.com.ar\/web\/el-gobierno-provincial-sortea-viviendas-en-grutly-y-lotes-en-franck\/","title":{"rendered":"El Gobierno Provincial sortea viviendas en Gr\u00fctly y lotes en Franck"},"content":{"rendered":"\n<h5 class=\"wp-block-heading\"><strong>Hoy se realiza el sorteo de 48 lotes en Franck y tres viviendas para familias de Gr\u00fctly, ambas localidades del departamento Las Colonias.\u00a0<\/strong><\/h5>\n\n\n\n<p><\/p>\n\n\n\n<p>Las familias participantes poseen un terreno. En caso de ganar el sorteo, la provincia financiar\u00e1 la construcci\u00f3n de las viviendas y la comuna llevar\u00e1 adelante los trabajos para concretar las obras.<\/p>\n\n\n\n<p>Estos nuevos terrenos se localizan en la zona oeste de la localidad en dos manzanas situadas en la intersecci\u00f3n de las calles Chacabuco y Adolfo Albrecht.<\/p>\n\n\n\n<p>La mitad de los lotes forman parte del programa provincial Mi Tierra Mi Casa, mientras que los restantes corresponden a un plan comunal.<\/p>\n<!-- AddThis Advanced Settings generic via filter on the_content --><!-- AddThis Share Buttons generic via filter on the_content -->","protected":false},"excerpt":{"rendered":"<p>Hoy se realiza el sorteo de 48 lotes en Franck y tres viviendas para familias de [&hellip;]<!-- AddThis Advanced Settings generic via filter on get_the_excerpt --><!-- AddThis Share Buttons generic via filter on get_the_excerpt --><\/p>\n","protected":false},"author":13,"featured_media":28586,"comment_status":"open","ping_status":"open","sticky":false,"template":"","format":"standard","meta":{"_seopress_robots_primary_cat":"","_seopress_titles_title":"","_seopress_titles_desc":"","_seopress_robots_index":"","_themeisle_gutenberg_block_has_review":false,"footnotes":""},"categories":[21],"tags":[],"class_list":["post-28585","post","type-post","status-publish","format-standard","has-post-thumbnail","hentry","category-las-colonias"],"_links":{"self":[{"href":"https:\/\/www.almargenweb.com.ar\/web\/wp-json\/wp\/v2\/posts\/28585","targetHints":{"allow":["GET"]}}],"collection":[{"href":"https:\/\/www.almargenweb.com.ar\/web\/wp-json\/wp\/v2\/posts"}],"about":[{"href":"https:\/\/www.almargenweb.com.ar\/web\/wp-json\/wp\/v2\/types\/post"}],"author":[{"embeddable":true,"href":"https:\/\/www.almargenweb.com.ar\/web\/wp-json\/wp\/v2\/users\/13"}],"replies":[{"embeddable":true,"href":"https:\/\/www.almargenweb.com.ar\/web\/wp-json\/wp\/v2\/comments?post=28585"}],"version-history":[{"count":3,"href":"https:\/\/www.almargenweb.com.ar\/web\/wp-json\/wp\/v2\/posts\/28585\/revisions"}],"predecessor-version":[{"id":28589,"href":"https:\/\/www.almargenweb.com.ar\/web\/wp-json\/wp\/v2\/posts\/28585\/revisions\/28589"}],"wp:featuredmedia":[{"embeddable":true,"href":"https:\/\/www.almargenweb.com.ar\/web\/wp-json\/wp\/v2\/media\/28586"}],"wp:attachment":[{"href":"https:\/\/www.almargenweb.com.ar\/web\/wp-json\/wp\/v2\/media?parent=28585"}],"wp:term":[{"taxonomy":"category","embeddable":true,"href":"https:\/\/www.almargenweb.com.ar\/web\/wp-json\/wp\/v2\/categories?post=28585"},{"taxonomy":"post_tag","embeddable":true,"href":"https:\/\/www.almargenweb.com.ar\/web\/wp-json\/wp\/v2\/tags?post=28585"}],"curies":[{"name":"wp","href":"https:\/\/api.w.org\/{rel}","templated":true}]}}