{"id":28568,"date":"2019-02-04T10:33:13","date_gmt":"2019-02-04T13:33:13","guid":{"rendered":"http:\/\/www.almargenweb.com.ar\/web\/?p=28568"},"modified":"2019-02-04T10:33:23","modified_gmt":"2019-02-04T13:33:23","slug":"lifschitz-participo-de-la-fiesta-provincial-del-liso-en-grutly","status":"publish","type":"post","link":"https:\/\/www.almargenweb.com.ar\/web\/lifschitz-participo-de-la-fiesta-provincial-del-liso-en-grutly\/","title":{"rendered":"LIFSCHITZ PARTICIP\u00d3 DE LA FIESTA PROVINCIAL DEL LISO EN GRUTLY"},"content":{"rendered":"\n<p><\/p>\n\n\n\n<p>\u201cApostamos a la obra p\u00fablica y tambi\u00e9n a la educaci\u00f3n y a la salud porque son pilares b\u00e1sicos para la calidad de vida de los santafesinos\u201d, destac\u00f3 el gobernador.<\/p>\n\n\n\n<p><br><\/p>\n\n\n\n<p>El gobernador Miguel Lifschitz particip\u00f3 este s\u00e1bado de la 5\u00aa edici\u00f3n de la Fiesta Provincial del Liso en la localidad de Grutly (departamento Las Colonias).<\/p>\n\n\n\n<p>\u201cEstas fiestas son fiestas de la familia, para disfrutarlas todos juntos, encontrarnos para hacer un alto en el camino, en las tareas cotidianas, en el trabajo y en el esfuerzo de todos los d\u00edas para celebrar juntos\u201d, dijo Lifschitz.<\/p>\n\n\n\n<p>\u201cSanta Fe es una provincia muy grande, con m\u00e1s de 300 peque\u00f1os pueblos como Grutly, donde late el coraz\u00f3n santafesino. Todo el esfuerzo, el trabajo y la producci\u00f3n de esta provincia nace en estos peque\u00f1os pueblos del interior, donde se trabaja siempre\u201d, a\u00f1adi\u00f3.<\/p>\n\n\n\n<p>\u201cCon lluvia, sin lluvia; con sequ\u00eda, sin sequ\u00eda; con el d\u00f3lar alto; con retenci\u00f3n o sin retenci\u00f3n siempre se produce. El a\u00f1o pasado hemos tenido una cosecha r\u00e9cord de trigo y tambi\u00e9n de ma\u00edz; y seguramente este a\u00f1o vamos a tener una cosecha r\u00e9cord de soja. Esto tiene que ver con ustedes, con los productores y la gente del interior de esta querida provincia de Santa Fe\u201d.<\/p>\n\n\n\n<p>El gobernador agreg\u00f3 que \u201ceste a\u00f1o, solamente de retenciones al sector agropecuario vamos a estar aportando al Tesoro Nacional m\u00e1s de 90 mil millones de pesos\u201d.<\/p>\n\n\n\n<p>Tambi\u00e9n felicit\u00f3 el trabajo de la presidente comunal por \u201clas obras que se ven, por esta hermosa plaza remodelada, por el ripio y tambi\u00e9n por las viviendas que se est\u00e1n construyendo\u201d y record\u00f3 que \u201ceste mi\u00e9rcoles se van a sortear nuevas viviendas, para que m\u00e1s familias puedan acceder al techo propio\u201d.<\/p>\n\n\n\n<p>\u201cLo mismo estamos haciendo en todos los pueblos de la provincia, en todos los departamentos. Hoy tenemos m\u00e1s de mil obras en marcha en todo el territorio provincial, algunas son grandes y otras m\u00e1s peque\u00f1as, y entre todas estamos dando trabajo a m\u00e1s de 20 mil familias santafesinas\u201d.<\/p>\n\n\n\n<p>\u201cPor esto apostamos a la obra p\u00fablica y tambi\u00e9n a la educaci\u00f3n y a la salud porque son dos pilares b\u00e1sicos para la calidad de vida de los santafesinos. Todo esto lo podemos hacer porque tenemos presidentes comunales que trabajan mucho, instituciones que de manera voluntaria y sacrificada aportan y construyen todos los d\u00edas, y porque hay santafesinas y santafesinos que no bajan los brazos, que siempre miran para adelante y le ponen todo el esfuerzo al trabajo de todos los d\u00edas para seguir avanzando y creciendo\u201d.<\/p>\n\n\n\n<p><strong>TRABAJO CONJUNTO<\/strong><br>La presidenta comunal, Jimena Senn, se\u00f1al\u00f3 que \u201cesta es una tradici\u00f3n en la regi\u00f3n, una fiesta que la hacemos de coraz\u00f3n y que refleja lo que es Grutly y el compromiso del trabajo conjunto, porque un pueblo crece si trabajamos entre todos\u201d.<\/p>\n\n\n\n<p>\u201cHoy nos visita el gobernador, que est\u00e1 haciendo un gran trabajo en todo la provincia y este trabajo se refleja en obras, como las que hoy se pueden ver: la plaza y el ripio\u201d, concluy\u00f3 la presidenta comunal.<\/p>\n\n\n\n<p><strong>PRESENTES<\/strong><br>Estuvieron tambi\u00e9n, las diputadas provinciales Clara Garc\u00eda y Victoria Tejeda, entre otros funcionarios provinciales y locales.<\/p>\n\n\n\n<p><\/p>\n\n\n\n<div class=\"wp-block-image\"><figure class=\"aligncenter\"><img loading=\"lazy\" decoding=\"async\" width=\"1024\" height=\"576\" src=\"https:\/\/www.almargenweb.com.ar\/web\/wp-content\/uploads\/2019\/02\/2019-02-03NID_264390O_2-1024x576.jpeg\" alt=\"\" class=\"wp-image-28570\" srcset=\"https:\/\/www.almargenweb.com.ar\/web\/wp-content\/uploads\/2019\/02\/2019-02-03NID_264390O_2-1024x576.jpeg 1024w, https:\/\/www.almargenweb.com.ar\/web\/wp-content\/uploads\/2019\/02\/2019-02-03NID_264390O_2-300x169.jpeg 300w, https:\/\/www.almargenweb.com.ar\/web\/wp-content\/uploads\/2019\/02\/2019-02-03NID_264390O_2-768x432.jpeg 768w, https:\/\/www.almargenweb.com.ar\/web\/wp-content\/uploads\/2019\/02\/2019-02-03NID_264390O_2.jpeg 1200w\" sizes=\"auto, (max-width: 1024px) 100vw, 1024px\" \/><\/figure><\/div>\n\n\n\n<div class=\"wp-block-image\"><figure class=\"aligncenter\"><img loading=\"lazy\" decoding=\"async\" width=\"1024\" height=\"575\" src=\"https:\/\/www.almargenweb.com.ar\/web\/wp-content\/uploads\/2019\/02\/2019-02-03NID_264390O_1-1024x575.jpeg\" alt=\"\" class=\"wp-image-28571\" srcset=\"https:\/\/www.almargenweb.com.ar\/web\/wp-content\/uploads\/2019\/02\/2019-02-03NID_264390O_1-1024x575.jpeg 1024w, https:\/\/www.almargenweb.com.ar\/web\/wp-content\/uploads\/2019\/02\/2019-02-03NID_264390O_1-300x169.jpeg 300w, https:\/\/www.almargenweb.com.ar\/web\/wp-content\/uploads\/2019\/02\/2019-02-03NID_264390O_1-768x431.jpeg 768w, https:\/\/www.almargenweb.com.ar\/web\/wp-content\/uploads\/2019\/02\/2019-02-03NID_264390O_1.jpeg 1200w\" sizes=\"auto, (max-width: 1024px) 100vw, 1024px\" \/><\/figure><\/div>\n<!-- AddThis Advanced Settings generic via filter on the_content --><!-- AddThis Share Buttons generic via filter on the_content -->","protected":false},"excerpt":{"rendered":"<p>\u201cApostamos a la obra p\u00fablica y tambi\u00e9n a la educaci\u00f3n y a la salud porque son [&hellip;]<!-- AddThis Advanced Settings generic via filter on get_the_excerpt --><!-- AddThis Share Buttons generic via filter on get_the_excerpt --><\/p>\n","protected":false},"author":13,"featured_media":28569,"comment_status":"open","ping_status":"open","sticky":false,"template":"","format":"standard","meta":{"_seopress_robots_primary_cat":"","_seopress_titles_title":"","_seopress_titles_desc":"","_seopress_robots_index":"","_themeisle_gutenberg_block_has_review":false,"footnotes":""},"categories":[21],"tags":[],"class_list":["post-28568","post","type-post","status-publish","format-standard","has-post-thumbnail","hentry","category-las-colonias"],"_links":{"self":[{"href":"https:\/\/www.almargenweb.com.ar\/web\/wp-json\/wp\/v2\/posts\/28568","targetHints":{"allow":["GET"]}}],"collection":[{"href":"https:\/\/www.almargenweb.com.ar\/web\/wp-json\/wp\/v2\/posts"}],"about":[{"href":"https:\/\/www.almargenweb.com.ar\/web\/wp-json\/wp\/v2\/types\/post"}],"author":[{"embeddable":true,"href":"https:\/\/www.almargenweb.com.ar\/web\/wp-json\/wp\/v2\/users\/13"}],"replies":[{"embeddable":true,"href":"https:\/\/www.almargenweb.com.ar\/web\/wp-json\/wp\/v2\/comments?post=28568"}],"version-history":[{"count":1,"href":"https:\/\/www.almargenweb.com.ar\/web\/wp-json\/wp\/v2\/posts\/28568\/revisions"}],"predecessor-version":[{"id":28572,"href":"https:\/\/www.almargenweb.com.ar\/web\/wp-json\/wp\/v2\/posts\/28568\/revisions\/28572"}],"wp:featuredmedia":[{"embeddable":true,"href":"https:\/\/www.almargenweb.com.ar\/web\/wp-json\/wp\/v2\/media\/28569"}],"wp:attachment":[{"href":"https:\/\/www.almargenweb.com.ar\/web\/wp-json\/wp\/v2\/media?parent=28568"}],"wp:term":[{"taxonomy":"category","embeddable":true,"href":"https:\/\/www.almargenweb.com.ar\/web\/wp-json\/wp\/v2\/categories?post=28568"},{"taxonomy":"post_tag","embeddable":true,"href":"https:\/\/www.almargenweb.com.ar\/web\/wp-json\/wp\/v2\/tags?post=28568"}],"curies":[{"name":"wp","href":"https:\/\/api.w.org\/{rel}","templated":true}]}}