{"id":28562,"date":"2019-01-30T14:36:34","date_gmt":"2019-01-30T17:36:34","guid":{"rendered":"http:\/\/www.almargenweb.com.ar\/web\/?p=28562"},"modified":"2019-01-30T14:36:43","modified_gmt":"2019-01-30T17:36:43","slug":"grutly-se-prepara-para-la-5-edicion-de-la-fiesta-provincial-del-liso","status":"publish","type":"post","link":"https:\/\/www.almargenweb.com.ar\/web\/grutly-se-prepara-para-la-5-edicion-de-la-fiesta-provincial-del-liso\/","title":{"rendered":"GR\u00dcTLY SE PREPARA PARA LA 5\u00b0 EDICI\u00d3N DE LA FIESTA PROVINCIAL DEL LISO"},"content":{"rendered":"\n<p>La localidad de Gr\u00fctly se prepara para vivir una nueva edici\u00f3n de la Fiesta Provincial del Liso, el pr\u00f3ximo s\u00e1bado 2 de febrero a partir de las 20:30 hs. en la Plaza San Mart\u00edn.<\/p>\n\n\n\n<p>El evento, contar\u00e1 con la actuaci\u00f3n del Grupo CRISOL, Brisas del Guaran, Julian Rivero, Candela Vargas, Maua,\u00a0 Gerardo Farias y la Sonora Bonita, y Grupo Alegr\u00eda.<\/p>\n\n\n\n<p>\u00a0Consultada al respecto, la Presidenta Comunal C.P.N Jimena Senn dijo:<em>\u00a0&#8220;Nos preparamos para vivir la 5\u00b0 Edici\u00f3n de esta Fiesta Popular, que ya es una tradici\u00f3n en toda la Regi\u00f3n. Estamos trabajando intensamente junto a las instituciones de la localidad, para que puedan disfrutar de una gran noche en familia y con amigos.&#8221;<\/em><\/p>\n\n\n\n<p>La entrada es gratis, y habr\u00e1 servicio de buffet y comedor, y paseo de artesanos<\/p>\n\n\n\n<p><\/p>\n<!-- AddThis Advanced Settings generic via filter on the_content --><!-- AddThis Share Buttons generic via filter on the_content -->","protected":false},"excerpt":{"rendered":"<p>La localidad de Gr\u00fctly se prepara para vivir una nueva edici\u00f3n de la Fiesta Provincial del [&hellip;]<!-- AddThis Advanced Settings generic via filter on get_the_excerpt --><!-- AddThis Share Buttons generic via filter on get_the_excerpt --><\/p>\n","protected":false},"author":13,"featured_media":28563,"comment_status":"open","ping_status":"open","sticky":false,"template":"","format":"standard","meta":{"_seopress_robots_primary_cat":"","_seopress_titles_title":"","_seopress_titles_desc":"","_seopress_robots_index":"","_themeisle_gutenberg_block_has_review":false,"footnotes":""},"categories":[21],"tags":[],"class_list":["post-28562","post","type-post","status-publish","format-standard","has-post-thumbnail","hentry","category-las-colonias"],"_links":{"self":[{"href":"https:\/\/www.almargenweb.com.ar\/web\/wp-json\/wp\/v2\/posts\/28562","targetHints":{"allow":["GET"]}}],"collection":[{"href":"https:\/\/www.almargenweb.com.ar\/web\/wp-json\/wp\/v2\/posts"}],"about":[{"href":"https:\/\/www.almargenweb.com.ar\/web\/wp-json\/wp\/v2\/types\/post"}],"author":[{"embeddable":true,"href":"https:\/\/www.almargenweb.com.ar\/web\/wp-json\/wp\/v2\/users\/13"}],"replies":[{"embeddable":true,"href":"https:\/\/www.almargenweb.com.ar\/web\/wp-json\/wp\/v2\/comments?post=28562"}],"version-history":[{"count":1,"href":"https:\/\/www.almargenweb.com.ar\/web\/wp-json\/wp\/v2\/posts\/28562\/revisions"}],"predecessor-version":[{"id":28564,"href":"https:\/\/www.almargenweb.com.ar\/web\/wp-json\/wp\/v2\/posts\/28562\/revisions\/28564"}],"wp:featuredmedia":[{"embeddable":true,"href":"https:\/\/www.almargenweb.com.ar\/web\/wp-json\/wp\/v2\/media\/28563"}],"wp:attachment":[{"href":"https:\/\/www.almargenweb.com.ar\/web\/wp-json\/wp\/v2\/media?parent=28562"}],"wp:term":[{"taxonomy":"category","embeddable":true,"href":"https:\/\/www.almargenweb.com.ar\/web\/wp-json\/wp\/v2\/categories?post=28562"},{"taxonomy":"post_tag","embeddable":true,"href":"https:\/\/www.almargenweb.com.ar\/web\/wp-json\/wp\/v2\/tags?post=28562"}],"curies":[{"name":"wp","href":"https:\/\/api.w.org\/{rel}","templated":true}]}}