{"id":28544,"date":"2019-01-10T15:16:02","date_gmt":"2019-01-10T18:16:02","guid":{"rendered":"http:\/\/www.almargenweb.com.ar\/web\/?p=28544"},"modified":"2019-01-10T15:27:19","modified_gmt":"2019-01-10T18:27:19","slug":"fascendini-entrego-aportes-a-instituciones-y-comunas","status":"publish","type":"post","link":"https:\/\/www.almargenweb.com.ar\/web\/fascendini-entrego-aportes-a-instituciones-y-comunas\/","title":{"rendered":"FASCENDINI ENTREG\u00d3 APORTES A INSTITUCIONES Y COMUNAS"},"content":{"rendered":"\n<p><\/p>\n\n\n\n<p>El vicegobernador de la provincia, Carlos Fascendini, entreg\u00f3 aportes durante un acto realizado en la Asociaci\u00f3n para el Desarrollo de Las Colonias con sede en Esperanza.<\/p>\n\n\n\n<p>Recibieron aportes las Comunas de Franck y San Carlos Sur y las siguientes instituciones: Asociaci\u00f3n Deportiva Juventud; Uni\u00f3n de Comerciantes de Esperanza (UCOES); Club Alma Juniors; Asociaci\u00f3n para el Desarrollo de Las Colonias; Asociaci\u00f3n Civil Los Teros y la subcomisi\u00f3n de danzas suizas de la Asociaci\u00f3n Suiza &#8220;Guillermo Tell&#8221;<\/p>\n\n\n\n<p>El monto total de los aportes asciende a 842.000 pesos.<\/p>\n\n\n\n<p>El vicegobernador Fascendini puso de relieve que &#8220;es decisi\u00f3n del Gobierno de la Provincia apoyar y acompa\u00f1ar el trabajo que las entidades llevan adelante en sus comunidades porque fortalecen los v\u00ednculos sociales y afianzan el entramado institucional que es vital para&nbsp; el desarrollo personal y colectivo&#8221;<\/p>\n<!-- AddThis Advanced Settings generic via filter on the_content --><!-- AddThis Share Buttons generic via filter on the_content -->","protected":false},"excerpt":{"rendered":"<p>El vicegobernador de la provincia, Carlos Fascendini, entreg\u00f3 aportes durante un acto realizado en la Asociaci\u00f3n [&hellip;]<!-- AddThis Advanced Settings generic via filter on get_the_excerpt --><!-- AddThis Share Buttons generic via filter on get_the_excerpt --><\/p>\n","protected":false},"author":13,"featured_media":28545,"comment_status":"open","ping_status":"open","sticky":false,"template":"","format":"standard","meta":{"_seopress_robots_primary_cat":"","_seopress_titles_title":"","_seopress_titles_desc":"","_seopress_robots_index":"","_themeisle_gutenberg_block_has_review":false,"footnotes":""},"categories":[21],"tags":[],"class_list":["post-28544","post","type-post","status-publish","format-standard","has-post-thumbnail","hentry","category-las-colonias"],"_links":{"self":[{"href":"https:\/\/www.almargenweb.com.ar\/web\/wp-json\/wp\/v2\/posts\/28544","targetHints":{"allow":["GET"]}}],"collection":[{"href":"https:\/\/www.almargenweb.com.ar\/web\/wp-json\/wp\/v2\/posts"}],"about":[{"href":"https:\/\/www.almargenweb.com.ar\/web\/wp-json\/wp\/v2\/types\/post"}],"author":[{"embeddable":true,"href":"https:\/\/www.almargenweb.com.ar\/web\/wp-json\/wp\/v2\/users\/13"}],"replies":[{"embeddable":true,"href":"https:\/\/www.almargenweb.com.ar\/web\/wp-json\/wp\/v2\/comments?post=28544"}],"version-history":[{"count":1,"href":"https:\/\/www.almargenweb.com.ar\/web\/wp-json\/wp\/v2\/posts\/28544\/revisions"}],"predecessor-version":[{"id":28546,"href":"https:\/\/www.almargenweb.com.ar\/web\/wp-json\/wp\/v2\/posts\/28544\/revisions\/28546"}],"wp:featuredmedia":[{"embeddable":true,"href":"https:\/\/www.almargenweb.com.ar\/web\/wp-json\/wp\/v2\/media\/28545"}],"wp:attachment":[{"href":"https:\/\/www.almargenweb.com.ar\/web\/wp-json\/wp\/v2\/media?parent=28544"}],"wp:term":[{"taxonomy":"category","embeddable":true,"href":"https:\/\/www.almargenweb.com.ar\/web\/wp-json\/wp\/v2\/categories?post=28544"},{"taxonomy":"post_tag","embeddable":true,"href":"https:\/\/www.almargenweb.com.ar\/web\/wp-json\/wp\/v2\/tags?post=28544"}],"curies":[{"name":"wp","href":"https:\/\/api.w.org\/{rel}","templated":true}]}}