{"id":28524,"date":"2019-01-04T12:22:36","date_gmt":"2019-01-04T15:22:36","guid":{"rendered":"http:\/\/www.almargenweb.com.ar\/web\/?p=28524"},"modified":"2019-01-04T12:22:47","modified_gmt":"2019-01-04T15:22:47","slug":"fascendini-entrego-subsidios-a-comunas-e-instituciones","status":"publish","type":"post","link":"https:\/\/www.almargenweb.com.ar\/web\/fascendini-entrego-subsidios-a-comunas-e-instituciones\/","title":{"rendered":"FASCENDINI ENTREG\u00d3 SUBSIDIOS A COMUNAS E INSTITUCIONES"},"content":{"rendered":"\n<p><\/p>\n\n\n\n<p>Con la finalidad de colaborar en las diversas actividades que desarrollan en sus respectivas comunidades, el vicegobernador de la provincia, Carlos Fascendini,&nbsp; recibi\u00f3 en la Sala de Presidencia de la C\u00e1mara de Senadores, a representantes de comunas, escuelas, jardines de infantes y clubes para hacer entrega de subsidios y aportes.<\/p>\n\n\n\n<p>En esta oportunidad, recibieron subsidios las siguientes instituciones:<\/p>\n\n\n\n<p>&#8211; Comuna de San Mariano, departamento Las Colonias.<br>&#8211; Club Atl\u00e9tico Argentino de San Carlos Centro, organizador del 11\u00b0 Torneo Internacional de F\u00fatbol Infantil Argentinito.<br>&#8211; Comuna de Soutomayor para la reparaci\u00f3n del veh\u00edculo utilitario que traslada alumnos a la Escuela Secundaria de Providencia y vecinos para tratamientos m\u00e9dicos.<br>&#8211; Comuna de Larrechea, departamento San Jer\u00f3nimo.<br>&#8211; Jard\u00edn Particular Incorporado N\u00b0<br>1491 &#8220;Nuestra Se\u00f1ora de Los Sin Techo&#8221; para mantenimiento de salas de 4 y 5 a\u00f1os a las que asisten ni\u00f1os de los barrios Loyola, Las Lomas, Ranita, San Agust\u00edn, Abasto, Pompeya y Coronel Dorrego de la ciudad de Santa Fe.<br>&#8211; Comuna de Gessler, departamento San Jer\u00f3nimo, con destino a la Parroquia Santa Ana.<br>&#8211; Escuela de Educaci\u00f3n Secundaria Orientada N\u00b0 366 &#8220;Nicol\u00e1s Denis&#8221; de San Jer\u00f3nimo del Sauce&nbsp;<br>&#8211; Comuna de Sarmiento, departamento Las Colonias que organiza la Fiesta del Camionero.<br>&#8211; Club Deportivo Josefina<br>&#8211; Asociaci\u00f3n Cooperadora y direcci\u00f3n de la Escuela Taller N\u00b0 3 &#8220;Esteban E. Houriet&#8221; de Esperanza.<\/p>\n<!-- AddThis Advanced Settings generic via filter on the_content --><!-- AddThis Share Buttons generic via filter on the_content -->","protected":false},"excerpt":{"rendered":"<p>Con la finalidad de colaborar en las diversas actividades que desarrollan en sus respectivas comunidades, el [&hellip;]<!-- AddThis Advanced Settings generic via filter on get_the_excerpt --><!-- AddThis Share Buttons generic via filter on get_the_excerpt --><\/p>\n","protected":false},"author":13,"featured_media":28525,"comment_status":"open","ping_status":"open","sticky":false,"template":"","format":"standard","meta":{"_seopress_robots_primary_cat":"","_seopress_titles_title":"","_seopress_titles_desc":"","_seopress_robots_index":"","_themeisle_gutenberg_block_has_review":false,"footnotes":""},"categories":[21],"tags":[],"class_list":["post-28524","post","type-post","status-publish","format-standard","has-post-thumbnail","hentry","category-las-colonias"],"_links":{"self":[{"href":"https:\/\/www.almargenweb.com.ar\/web\/wp-json\/wp\/v2\/posts\/28524","targetHints":{"allow":["GET"]}}],"collection":[{"href":"https:\/\/www.almargenweb.com.ar\/web\/wp-json\/wp\/v2\/posts"}],"about":[{"href":"https:\/\/www.almargenweb.com.ar\/web\/wp-json\/wp\/v2\/types\/post"}],"author":[{"embeddable":true,"href":"https:\/\/www.almargenweb.com.ar\/web\/wp-json\/wp\/v2\/users\/13"}],"replies":[{"embeddable":true,"href":"https:\/\/www.almargenweb.com.ar\/web\/wp-json\/wp\/v2\/comments?post=28524"}],"version-history":[{"count":1,"href":"https:\/\/www.almargenweb.com.ar\/web\/wp-json\/wp\/v2\/posts\/28524\/revisions"}],"predecessor-version":[{"id":28526,"href":"https:\/\/www.almargenweb.com.ar\/web\/wp-json\/wp\/v2\/posts\/28524\/revisions\/28526"}],"wp:featuredmedia":[{"embeddable":true,"href":"https:\/\/www.almargenweb.com.ar\/web\/wp-json\/wp\/v2\/media\/28525"}],"wp:attachment":[{"href":"https:\/\/www.almargenweb.com.ar\/web\/wp-json\/wp\/v2\/media?parent=28524"}],"wp:term":[{"taxonomy":"category","embeddable":true,"href":"https:\/\/www.almargenweb.com.ar\/web\/wp-json\/wp\/v2\/categories?post=28524"},{"taxonomy":"post_tag","embeddable":true,"href":"https:\/\/www.almargenweb.com.ar\/web\/wp-json\/wp\/v2\/tags?post=28524"}],"curies":[{"name":"wp","href":"https:\/\/api.w.org\/{rel}","templated":true}]}}