{"id":28498,"date":"2018-12-27T13:26:21","date_gmt":"2018-12-27T16:26:21","guid":{"rendered":"http:\/\/www.almargenweb.com.ar\/web\/?p=28498"},"modified":"2018-12-27T14:12:38","modified_gmt":"2018-12-27T17:12:38","slug":"gas-liquido-de-petroleo-para-grutly","status":"publish","type":"post","link":"https:\/\/www.almargenweb.com.ar\/web\/gas-liquido-de-petroleo-para-grutly\/","title":{"rendered":"GAS LICUADO DE PETROLEO PARA GR\u00dcTLY"},"content":{"rendered":"\n<h4 class=\"wp-block-heading\">El pasado viernes, se llevo a cabo la audiencia p\u00fablica donde autoridades de ENERFE y la Comuna Local, presentaron en audiencia p\u00fablica el proyecto de Gas L\u00edquido de Petr\u00f3leo (GLP) para la localidad de Gr\u00fctly.<\/h4>\n\n\n\n<p>Son 278 las localidades de la Provincia de Santa Fe que no cuentan con Gas, por lo que Enerfe comenz\u00f3 a trabajar con 10 de ellas bajo este esquema, incluida esta peque\u00f1a localidad del Departamento Las Colonias.<\/p>\n\n\n\n<p>El titular de Enerfe Mauricio Colombo destaco: \u201clos trabajos incluir\u00e1n la red domiciliaria, estaci\u00f3n de acopio y vaporizaci\u00f3n. La misma ya est\u00e1 dise\u00f1ada para que en el momento que llegue le gasoducto a la regi\u00f3n, esta red se pueda interconectar al mismo, pasando de GLP a gas natural\u201d y agreg\u00f3: \u201c La idea es seguir trabajando en el 2019, en otras localidades del interior de la provincia, donde no est\u00e9 el gasoducto\u201d<\/p>\n\n\n\n<p>Por su parte la Presidenta Comunal C.P.N Jimena Senn manifest\u00f3: \u201ces una gran oportunidad para nuestro pueblo, se trabaja con un crecimiento a 20 a\u00f1os. La red domiciliaria demanda una inversi\u00f3n de 15 millones de pesos que se pagar\u00eda a trav\u00e9s de un sistema de contribuci\u00f3n por mejoras por metro lineal de frente, y la planta de acopio y vaporizaci\u00f3n la aportar\u00eda ENERFE realizando una inversi\u00f3n de 17 millones de pesos\u201d y concluy\u00f3 \u201cdeseamos que los vecinos se sumen a esta propuesta que busca mejorar la calidad de vida, y atraer fuentes de empelo a Gr\u00fctly\u201d<\/p>\n<!-- AddThis Advanced Settings generic via filter on the_content --><!-- AddThis Share Buttons generic via filter on the_content -->","protected":false},"excerpt":{"rendered":"<p>El pasado viernes, se llevo a cabo la audiencia p\u00fablica donde autoridades de ENERFE y la [&hellip;]<!-- AddThis Advanced Settings generic via filter on get_the_excerpt --><!-- AddThis Share Buttons generic via filter on get_the_excerpt --><\/p>\n","protected":false},"author":13,"featured_media":28499,"comment_status":"open","ping_status":"open","sticky":false,"template":"","format":"standard","meta":{"_seopress_robots_primary_cat":"","_seopress_titles_title":"","_seopress_titles_desc":"","_seopress_robots_index":"","_themeisle_gutenberg_block_has_review":false,"footnotes":""},"categories":[21],"tags":[],"class_list":["post-28498","post","type-post","status-publish","format-standard","has-post-thumbnail","hentry","category-las-colonias"],"_links":{"self":[{"href":"https:\/\/www.almargenweb.com.ar\/web\/wp-json\/wp\/v2\/posts\/28498","targetHints":{"allow":["GET"]}}],"collection":[{"href":"https:\/\/www.almargenweb.com.ar\/web\/wp-json\/wp\/v2\/posts"}],"about":[{"href":"https:\/\/www.almargenweb.com.ar\/web\/wp-json\/wp\/v2\/types\/post"}],"author":[{"embeddable":true,"href":"https:\/\/www.almargenweb.com.ar\/web\/wp-json\/wp\/v2\/users\/13"}],"replies":[{"embeddable":true,"href":"https:\/\/www.almargenweb.com.ar\/web\/wp-json\/wp\/v2\/comments?post=28498"}],"version-history":[{"count":4,"href":"https:\/\/www.almargenweb.com.ar\/web\/wp-json\/wp\/v2\/posts\/28498\/revisions"}],"predecessor-version":[{"id":28512,"href":"https:\/\/www.almargenweb.com.ar\/web\/wp-json\/wp\/v2\/posts\/28498\/revisions\/28512"}],"wp:featuredmedia":[{"embeddable":true,"href":"https:\/\/www.almargenweb.com.ar\/web\/wp-json\/wp\/v2\/media\/28499"}],"wp:attachment":[{"href":"https:\/\/www.almargenweb.com.ar\/web\/wp-json\/wp\/v2\/media?parent=28498"}],"wp:term":[{"taxonomy":"category","embeddable":true,"href":"https:\/\/www.almargenweb.com.ar\/web\/wp-json\/wp\/v2\/categories?post=28498"},{"taxonomy":"post_tag","embeddable":true,"href":"https:\/\/www.almargenweb.com.ar\/web\/wp-json\/wp\/v2\/tags?post=28498"}],"curies":[{"name":"wp","href":"https:\/\/api.w.org\/{rel}","templated":true}]}}