{"id":28431,"date":"2018-12-12T12:35:32","date_gmt":"2018-12-12T15:35:32","guid":{"rendered":"http:\/\/www.almargenweb.com.ar\/web\/?p=28431"},"modified":"2018-12-12T12:35:39","modified_gmt":"2018-12-12T15:35:39","slug":"fascendini-la-provincia-construira-20-viviendas-en-esperanza","status":"publish","type":"post","link":"https:\/\/www.almargenweb.com.ar\/web\/fascendini-la-provincia-construira-20-viviendas-en-esperanza\/","title":{"rendered":"FASCENDINI: &#8220;LA PROVINCIA CONSTRUIR\u00c1 20 VIVIENDAS EN ESPERANZA&#8221;"},"content":{"rendered":"\n<p>El vicegobernador de la provincia, Carlos Fascendini, presidi\u00f3 en Casa de Gobierno el acto de apertura de ofertas para la construcci\u00f3n de 20 viviendas en la ciudad de Esperanza.<\/p>\n\n\n\n<p>En su alocuci\u00f3n destac\u00f3 que &#8220;asistimos a una cuesti\u00f3n in\u00e9dita en la provincia de Santa Fe en cuanto a la cantidad y magnitud de obras p\u00fablicas que se est\u00e1n llevando adelante&#8221;<\/p>\n\n\n\n<p>&#8220;Viviendas no es la excepci\u00f3n a pesar de que seguimos con grandes problemas con la Naci\u00f3n. Santa Fe es acreedora absolutamente en todo: deuda de coparticipaci\u00f3n, caja de jubilaciones y con las c\u00e1rceles federales&#8221;<\/p>\n\n\n\n<p>&#8220;No obstante -prosigui\u00f3 el vicegobernador- tenemos una provincia potenciada por su buena administraci\u00f3n, por la institucionalidad que practica dando participaci\u00f3n a la ciudadan\u00eda y porque en ambas c\u00e1maras legislativas alcanzamos consensos que nos permiten avanzar con un plan estrat\u00e9gico de inversiones&#8221;<\/p>\n\n\n\n<p>Respecto de las viviendas se\u00f1al\u00f3 que &#8220;se construyen 3.500 en 280 localidades del territorio santafesino&#8221;<\/p>\n\n\n\n<p>En Esperanza, adem\u00e1s de &#8220;las 20 viviendas que licitamos hoy, se trabaja con el Plan Lote Propio que ya tiene 9 resoluciones favorables y llegaremos a 25 casas en total&#8221;<\/p>\n\n\n\n<p>Acompa\u00f1aron al vicegobernador, la intendenta de Esperanza, Ana Meiners; el senador por Las Colonias, Rub\u00e9n Pirola, concejales y los funcionarios de la Secretar\u00eda de Estado de H\u00e1bitat, Diego Leone y Lucas Crivelli.<br><\/p>\n<!-- AddThis Advanced Settings generic via filter on the_content --><!-- AddThis Share Buttons generic via filter on the_content -->","protected":false},"excerpt":{"rendered":"<p>El vicegobernador de la provincia, Carlos Fascendini, presidi\u00f3 en Casa de Gobierno el acto de apertura [&hellip;]<!-- AddThis Advanced Settings generic via filter on get_the_excerpt --><!-- AddThis Share Buttons generic via filter on get_the_excerpt --><\/p>\n","protected":false},"author":13,"featured_media":28432,"comment_status":"open","ping_status":"open","sticky":false,"template":"","format":"standard","meta":{"_seopress_robots_primary_cat":"","_seopress_titles_title":"","_seopress_titles_desc":"","_seopress_robots_index":"","_themeisle_gutenberg_block_has_review":false,"footnotes":""},"categories":[47],"tags":[],"class_list":["post-28431","post","type-post","status-publish","format-standard","has-post-thumbnail","hentry","category-locales"],"_links":{"self":[{"href":"https:\/\/www.almargenweb.com.ar\/web\/wp-json\/wp\/v2\/posts\/28431","targetHints":{"allow":["GET"]}}],"collection":[{"href":"https:\/\/www.almargenweb.com.ar\/web\/wp-json\/wp\/v2\/posts"}],"about":[{"href":"https:\/\/www.almargenweb.com.ar\/web\/wp-json\/wp\/v2\/types\/post"}],"author":[{"embeddable":true,"href":"https:\/\/www.almargenweb.com.ar\/web\/wp-json\/wp\/v2\/users\/13"}],"replies":[{"embeddable":true,"href":"https:\/\/www.almargenweb.com.ar\/web\/wp-json\/wp\/v2\/comments?post=28431"}],"version-history":[{"count":1,"href":"https:\/\/www.almargenweb.com.ar\/web\/wp-json\/wp\/v2\/posts\/28431\/revisions"}],"predecessor-version":[{"id":28433,"href":"https:\/\/www.almargenweb.com.ar\/web\/wp-json\/wp\/v2\/posts\/28431\/revisions\/28433"}],"wp:featuredmedia":[{"embeddable":true,"href":"https:\/\/www.almargenweb.com.ar\/web\/wp-json\/wp\/v2\/media\/28432"}],"wp:attachment":[{"href":"https:\/\/www.almargenweb.com.ar\/web\/wp-json\/wp\/v2\/media?parent=28431"}],"wp:term":[{"taxonomy":"category","embeddable":true,"href":"https:\/\/www.almargenweb.com.ar\/web\/wp-json\/wp\/v2\/categories?post=28431"},{"taxonomy":"post_tag","embeddable":true,"href":"https:\/\/www.almargenweb.com.ar\/web\/wp-json\/wp\/v2\/tags?post=28431"}],"curies":[{"name":"wp","href":"https:\/\/api.w.org\/{rel}","templated":true}]}}