{"id":28416,"date":"2018-12-12T12:00:08","date_gmt":"2018-12-12T15:00:08","guid":{"rendered":"http:\/\/www.almargenweb.com.ar\/web\/?p=28416"},"modified":"2018-12-12T12:00:14","modified_gmt":"2018-12-12T15:00:14","slug":"fascendini-hizo-reconocimientos-y-entrego-aportes-a-instituciones-de-esperanza-y-las-colonias","status":"publish","type":"post","link":"https:\/\/www.almargenweb.com.ar\/web\/fascendini-hizo-reconocimientos-y-entrego-aportes-a-instituciones-de-esperanza-y-las-colonias\/","title":{"rendered":"FASCENDINI HIZO RECONOCIMIENTOS Y ENTREG\u00d3 APORTES A INSTITUCIONES DE ESPERANZA Y LAS COLONIAS"},"content":{"rendered":"\n<p>El vicegobernador de la provincia, Carlos Fascendini, recibi\u00f3 a los alumnos y docentes de la Escuela de Educaci\u00f3n T\u00e9cnico Profesional N\u00b0 644 &#8220;Gregoria Matorras&#8221; para entregarles un reconocimiento por su excelente desempe\u00f1o en las Olimp\u00edadas Santafesinas categor\u00eda T\u00e9cnico Maestro Mayor de Obras en la que alcanzaron el tercer puesto entre once establecimientos participantes.<\/p>\n\n\n\n<p>APORTES<\/p>\n\n\n\n<p>Asimismo dedic\u00f3 parte de su agenda a la entrega de aportes a instituciones de Esperanza y Las Colonias que destinar\u00e1n los fondos a la concreci\u00f3n de proyectos y para solventar gastos de actividades desarrolladas durante el a\u00f1o.<\/p>\n\n\n\n<p>A continuaci\u00f3n el listado de las entidades que recibieron aportes:<\/p>\n\n\n\n<p>Escuela Normal Superior N\u00b0 30 &#8220;Domingo F. Sarmiento&#8221; por la participaci\u00f3n de cuatro equipos de alumnos que alcanzaron la final nacional del Certamen Sembrando Empresarios.<\/p>\n\n\n\n<p>El Club Uni\u00f3n de Esperanza que est\u00e1 abocado a construir una ampliaci\u00f3n de su dep\u00f3sito de equipamiento deportivo.<\/p>\n\n\n\n<p>Centro de Jubilados y Pensionados &#8220;Dr. Esteban Laureano Maradona&#8221; de Esperanza para adquirir elementos ortop\u00e9dicos y otros materiales que reciben sus asociados.<\/p>\n\n\n\n<p>Subcomisi\u00f3n de B\u00e1squet Femenino del Club Almagro de Esperanza.<\/p>\n\n\n\n<p>Bas\u00edlica &#8220;Natividad de la Sant\u00edsima Virgen&#8221; para solventar gastos de obra en la nueva vereda.<\/p>\n\n\n\n<p>Colegio Nuestra Se\u00f1ora del Huerto, para la adquisici\u00f3n de bicicletas e implementar circuito de educaci\u00f3n vial.<\/p>\n\n\n\n<p>La Iglesia Evang\u00e9lica del R\u00edo de la Plata de la comunidad de Gr\u00fctly para la adquisici\u00f3n de bancos para el templo.<\/p>\n\n\n\n<p>Capilla de Santo Domingo que conmemora 125 a\u00f1os de su creaci\u00f3n.<\/p>\n\n\n\n<p>Jard\u00edn de Infantes N\u00b0 170 &#8220;Clara Aguirre&#8221; de San Jer\u00f3nimo del Sauce que renovar\u00e1 la pintura interior.<\/p>\n\n\n\n<p>Asociaci\u00f3n Cooperadora del Jard\u00edn de Infantes N\u00b0 70 &#8220;M\u00e1ximo Manetti&#8221; de Pilar con destino a la refacci\u00f3n del techo su sal\u00f3n de usos m\u00faltiples.<\/p>\n\n\n\n<p>Escuela Educaci\u00f3n T\u00e9cnico Profesional y Secundaria Orientada Particular Incorporada N\u00b0 8069 de la localidad de Pilar que colocar\u00e1 mosaicos en el pasillo de ingreso de las aulas talleres.<\/p>\n\n\n\n<p>Subcomisi\u00f3n de Bochas del Club Atl\u00e9tico Social de Sarmiento cuya representante Romina Soledad Bolatti particip\u00f3 del Mundial en China.<\/p>\n<!-- AddThis Advanced Settings generic via filter on the_content --><!-- AddThis Share Buttons generic via filter on the_content -->","protected":false},"excerpt":{"rendered":"<p>El vicegobernador de la provincia, Carlos Fascendini, recibi\u00f3 a los alumnos y docentes de la Escuela [&hellip;]<!-- AddThis Advanced Settings generic via filter on get_the_excerpt --><!-- AddThis Share Buttons generic via filter on get_the_excerpt --><\/p>\n","protected":false},"author":13,"featured_media":28417,"comment_status":"open","ping_status":"open","sticky":false,"template":"","format":"standard","meta":{"_seopress_robots_primary_cat":"","_seopress_titles_title":"","_seopress_titles_desc":"","_seopress_robots_index":"","_themeisle_gutenberg_block_has_review":false,"footnotes":""},"categories":[21],"tags":[],"class_list":["post-28416","post","type-post","status-publish","format-standard","has-post-thumbnail","hentry","category-las-colonias"],"_links":{"self":[{"href":"https:\/\/www.almargenweb.com.ar\/web\/wp-json\/wp\/v2\/posts\/28416","targetHints":{"allow":["GET"]}}],"collection":[{"href":"https:\/\/www.almargenweb.com.ar\/web\/wp-json\/wp\/v2\/posts"}],"about":[{"href":"https:\/\/www.almargenweb.com.ar\/web\/wp-json\/wp\/v2\/types\/post"}],"author":[{"embeddable":true,"href":"https:\/\/www.almargenweb.com.ar\/web\/wp-json\/wp\/v2\/users\/13"}],"replies":[{"embeddable":true,"href":"https:\/\/www.almargenweb.com.ar\/web\/wp-json\/wp\/v2\/comments?post=28416"}],"version-history":[{"count":1,"href":"https:\/\/www.almargenweb.com.ar\/web\/wp-json\/wp\/v2\/posts\/28416\/revisions"}],"predecessor-version":[{"id":28418,"href":"https:\/\/www.almargenweb.com.ar\/web\/wp-json\/wp\/v2\/posts\/28416\/revisions\/28418"}],"wp:featuredmedia":[{"embeddable":true,"href":"https:\/\/www.almargenweb.com.ar\/web\/wp-json\/wp\/v2\/media\/28417"}],"wp:attachment":[{"href":"https:\/\/www.almargenweb.com.ar\/web\/wp-json\/wp\/v2\/media?parent=28416"}],"wp:term":[{"taxonomy":"category","embeddable":true,"href":"https:\/\/www.almargenweb.com.ar\/web\/wp-json\/wp\/v2\/categories?post=28416"},{"taxonomy":"post_tag","embeddable":true,"href":"https:\/\/www.almargenweb.com.ar\/web\/wp-json\/wp\/v2\/tags?post=28416"}],"curies":[{"name":"wp","href":"https:\/\/api.w.org\/{rel}","templated":true}]}}