{"id":28370,"date":"2018-12-04T13:23:37","date_gmt":"2018-12-04T16:23:37","guid":{"rendered":"http:\/\/www.almargenweb.com.ar\/web\/?p=28370"},"modified":"2018-12-04T13:23:37","modified_gmt":"2018-12-04T16:23:37","slug":"visitas-al-acuario-de-rosario-repaso-de-gestiones-y-nuevos-proyectos","status":"publish","type":"post","link":"https:\/\/www.almargenweb.com.ar\/web\/visitas-al-acuario-de-rosario-repaso-de-gestiones-y-nuevos-proyectos\/","title":{"rendered":"VISITAS AL ACUARIO DE ROSARIO, REPASO DE GESTIONES Y NUEVOS PROYECTOS"},"content":{"rendered":"<p align=\"justify\"><span style=\"color: #212121;\"><span style=\"font-family: Segoe UI, serif;\"><span style=\"font-size: medium;\">El doctor Rodrigo M\u00fcller recibi\u00f3 al director provincial de Turismo, Lic. Franco Arone, en la Asociaci\u00f3n para el Desarrollo del Departamento Las Colonias, con quien evalu\u00f3 el resultado de las gestiones que, hasta el momento, hicieron posible que 100 esperancinos conozcan el Acuario de Rosario.<\/span><\/span><\/span><\/p>\n<p align=\"justify\"><span style=\"color: #212121;\"><span style=\"font-family: Segoe UI, serif;\"><span style=\"font-size: medium;\">En el D\u00eda Internacional de las Personas con Discapacidad, visitaron el Hogar Compromiso para organizar una excursi\u00f3n a dicho centro de inter\u00e9s tur\u00edstico.<\/span><\/span><\/span><\/p>\n<p align=\"justify\"><span style=\"color: #212121;\"><span style=\"font-family: Segoe UI, serif;\"><span style=\"font-size: medium;\">Con el mismo prop\u00f3sito estuvieron en el Centro de Jubilados &#8220;Esteban Laureano Maradona&#8221; para\u00a0que un contingente de la entidad pueda conocer el acuario de agua dulce m\u00e1s importante de Sudam\u00e9rica.<\/span><\/span><\/span><\/p>\n<p align=\"justify\"><span style=\"color: #212121;\"><span style=\"font-family: Segoe UI, serif;\"><span style=\"font-size: medium;\">Asimismo conversaron con dem\u00e1s autoridades de la Asociaci\u00f3n para el Desarrollo del Departamento Las Colonias la realizaci\u00f3n de cursos de formaci\u00f3n en competencias tur\u00edsticas.<\/span><\/span><\/span><\/p>\n<p align=\"justify\"><span style=\"color: #212121;\"><span style=\"font-family: Segoe UI, serif;\"><span style=\"font-size: medium;\">&#8220;Estas gestiones con los organismos p\u00fablicos del gobierno de la provincia nos permiten acercar los programas que lleva adelante el Estado santafesino, en este caso, de integraci\u00f3n e inclusi\u00f3n de las personas con discapacidad y los adultos mayores&#8221;, precis\u00f3 Rodrigo M\u00fcller.<\/span><\/span><\/span><\/p>\n<p align=\"justify\"><img loading=\"lazy\" decoding=\"async\" class=\"aligncenter wp-image-28372 size-large\" src=\"https:\/\/www.almargenweb.com.ar\/web\/wp-content\/uploads\/2018\/12\/WhatsApp-Image-2018-12-03-at-11.31.35-AM-1024x768.jpeg\" alt=\"\" width=\"640\" height=\"480\" srcset=\"https:\/\/www.almargenweb.com.ar\/web\/wp-content\/uploads\/2018\/12\/WhatsApp-Image-2018-12-03-at-11.31.35-AM-1024x768.jpeg 1024w, https:\/\/www.almargenweb.com.ar\/web\/wp-content\/uploads\/2018\/12\/WhatsApp-Image-2018-12-03-at-11.31.35-AM-300x225.jpeg 300w, https:\/\/www.almargenweb.com.ar\/web\/wp-content\/uploads\/2018\/12\/WhatsApp-Image-2018-12-03-at-11.31.35-AM-768x576.jpeg 768w, https:\/\/www.almargenweb.com.ar\/web\/wp-content\/uploads\/2018\/12\/WhatsApp-Image-2018-12-03-at-11.31.35-AM.jpeg 1200w\" sizes=\"auto, (max-width: 640px) 100vw, 640px\" \/><\/p>\n<p align=\"justify\"><img loading=\"lazy\" decoding=\"async\" class=\"aligncenter wp-image-28374 size-large\" src=\"https:\/\/www.almargenweb.com.ar\/web\/wp-content\/uploads\/2018\/12\/WhatsApp-Image-2018-12-03-at-11.31.35-AM-4-1024x576.jpeg\" alt=\"\" width=\"640\" height=\"360\" srcset=\"https:\/\/www.almargenweb.com.ar\/web\/wp-content\/uploads\/2018\/12\/WhatsApp-Image-2018-12-03-at-11.31.35-AM-4-1024x576.jpeg 1024w, https:\/\/www.almargenweb.com.ar\/web\/wp-content\/uploads\/2018\/12\/WhatsApp-Image-2018-12-03-at-11.31.35-AM-4-300x169.jpeg 300w, https:\/\/www.almargenweb.com.ar\/web\/wp-content\/uploads\/2018\/12\/WhatsApp-Image-2018-12-03-at-11.31.35-AM-4-768x432.jpeg 768w, https:\/\/www.almargenweb.com.ar\/web\/wp-content\/uploads\/2018\/12\/WhatsApp-Image-2018-12-03-at-11.31.35-AM-4.jpeg 1200w\" sizes=\"auto, (max-width: 640px) 100vw, 640px\" \/><\/p>\n<p>&nbsp;<\/p>\n<!-- AddThis Advanced Settings generic via filter on the_content --><!-- AddThis Share Buttons generic via filter on the_content -->","protected":false},"excerpt":{"rendered":"<p>El doctor Rodrigo M\u00fcller recibi\u00f3 al director provincial de Turismo, Lic. Franco Arone, en la Asociaci\u00f3n [&hellip;]<!-- AddThis Advanced Settings generic via filter on get_the_excerpt --><!-- AddThis Share Buttons generic via filter on get_the_excerpt --><\/p>\n","protected":false},"author":13,"featured_media":28371,"comment_status":"open","ping_status":"open","sticky":false,"template":"","format":"standard","meta":{"_seopress_robots_primary_cat":"","_seopress_titles_title":"","_seopress_titles_desc":"","_seopress_robots_index":"","_themeisle_gutenberg_block_has_review":false,"footnotes":""},"categories":[47],"tags":[],"class_list":["post-28370","post","type-post","status-publish","format-standard","has-post-thumbnail","hentry","category-locales"],"_links":{"self":[{"href":"https:\/\/www.almargenweb.com.ar\/web\/wp-json\/wp\/v2\/posts\/28370","targetHints":{"allow":["GET"]}}],"collection":[{"href":"https:\/\/www.almargenweb.com.ar\/web\/wp-json\/wp\/v2\/posts"}],"about":[{"href":"https:\/\/www.almargenweb.com.ar\/web\/wp-json\/wp\/v2\/types\/post"}],"author":[{"embeddable":true,"href":"https:\/\/www.almargenweb.com.ar\/web\/wp-json\/wp\/v2\/users\/13"}],"replies":[{"embeddable":true,"href":"https:\/\/www.almargenweb.com.ar\/web\/wp-json\/wp\/v2\/comments?post=28370"}],"version-history":[{"count":1,"href":"https:\/\/www.almargenweb.com.ar\/web\/wp-json\/wp\/v2\/posts\/28370\/revisions"}],"predecessor-version":[{"id":28375,"href":"https:\/\/www.almargenweb.com.ar\/web\/wp-json\/wp\/v2\/posts\/28370\/revisions\/28375"}],"wp:featuredmedia":[{"embeddable":true,"href":"https:\/\/www.almargenweb.com.ar\/web\/wp-json\/wp\/v2\/media\/28371"}],"wp:attachment":[{"href":"https:\/\/www.almargenweb.com.ar\/web\/wp-json\/wp\/v2\/media?parent=28370"}],"wp:term":[{"taxonomy":"category","embeddable":true,"href":"https:\/\/www.almargenweb.com.ar\/web\/wp-json\/wp\/v2\/categories?post=28370"},{"taxonomy":"post_tag","embeddable":true,"href":"https:\/\/www.almargenweb.com.ar\/web\/wp-json\/wp\/v2\/tags?post=28370"}],"curies":[{"name":"wp","href":"https:\/\/api.w.org\/{rel}","templated":true}]}}