{"id":28361,"date":"2018-11-30T13:43:13","date_gmt":"2018-11-30T16:43:13","guid":{"rendered":"http:\/\/www.almargenweb.com.ar\/web\/?p=28361"},"modified":"2018-11-30T13:43:13","modified_gmt":"2018-11-30T16:43:13","slug":"el-presidente-comunal-de-san-carlos-sud-santiago-walker-participo-de-la-presentacion-del-programa-provincial-de-pavimentos-urbanos","status":"publish","type":"post","link":"https:\/\/www.almargenweb.com.ar\/web\/el-presidente-comunal-de-san-carlos-sud-santiago-walker-participo-de-la-presentacion-del-programa-provincial-de-pavimentos-urbanos\/","title":{"rendered":"El Presidente Comunal de San Carlos Sud, Santiago Walker, particip\u00f3 de la presentacion del programa provincial de pavimentos urbanos"},"content":{"rendered":"<p>Se realiz\u00f3 la presentaci\u00f3n del Programa de Pavimentos Urbanos de acuerdo con el compromiso expresado por el Gobernador Ing. Miguel Lifschitz en su mensaje a la Legislatura que lo plasm\u00f3 en la Ley 13.751.<br \/>\nEl programa alcanza a 141 ciudades y pueblos de los 19 departamentos de la provincia con una inversi\u00f3n total que ronda los 3.150 millones de pesos.<br \/>\nEl Vicegobernador de la Provincia, C<span class=\"text_exposed_show\">PN Carlos Fascendini, resalt\u00f3 que al Departamento Las Colonias se asignan 83.664.966 pesos.<br \/>\nCabe destacar que las obras son sin cargo para municipios y comunas y a cuenta de la deuda que el gobierno nacional mantiene con la Provincia de Santa Fe respaldada por fallos favorables de la Corte Suprema de Justicia de la Naci\u00f3n.<\/span><\/p>\n<!-- AddThis Advanced Settings generic via filter on the_content --><!-- AddThis Share Buttons generic via filter on the_content -->","protected":false},"excerpt":{"rendered":"<p>Se realiz\u00f3 la presentaci\u00f3n del Programa de Pavimentos Urbanos de acuerdo con el compromiso expresado por [&hellip;]<!-- AddThis Advanced Settings generic via filter on get_the_excerpt --><!-- AddThis Share Buttons generic via filter on get_the_excerpt --><\/p>\n","protected":false},"author":13,"featured_media":28362,"comment_status":"open","ping_status":"open","sticky":false,"template":"","format":"standard","meta":{"_seopress_robots_primary_cat":"","_seopress_titles_title":"","_seopress_titles_desc":"","_seopress_robots_index":"","_themeisle_gutenberg_block_has_review":false,"footnotes":""},"categories":[21],"tags":[],"class_list":["post-28361","post","type-post","status-publish","format-standard","has-post-thumbnail","hentry","category-las-colonias"],"_links":{"self":[{"href":"https:\/\/www.almargenweb.com.ar\/web\/wp-json\/wp\/v2\/posts\/28361","targetHints":{"allow":["GET"]}}],"collection":[{"href":"https:\/\/www.almargenweb.com.ar\/web\/wp-json\/wp\/v2\/posts"}],"about":[{"href":"https:\/\/www.almargenweb.com.ar\/web\/wp-json\/wp\/v2\/types\/post"}],"author":[{"embeddable":true,"href":"https:\/\/www.almargenweb.com.ar\/web\/wp-json\/wp\/v2\/users\/13"}],"replies":[{"embeddable":true,"href":"https:\/\/www.almargenweb.com.ar\/web\/wp-json\/wp\/v2\/comments?post=28361"}],"version-history":[{"count":4,"href":"https:\/\/www.almargenweb.com.ar\/web\/wp-json\/wp\/v2\/posts\/28361\/revisions"}],"predecessor-version":[{"id":28366,"href":"https:\/\/www.almargenweb.com.ar\/web\/wp-json\/wp\/v2\/posts\/28361\/revisions\/28366"}],"wp:featuredmedia":[{"embeddable":true,"href":"https:\/\/www.almargenweb.com.ar\/web\/wp-json\/wp\/v2\/media\/28362"}],"wp:attachment":[{"href":"https:\/\/www.almargenweb.com.ar\/web\/wp-json\/wp\/v2\/media?parent=28361"}],"wp:term":[{"taxonomy":"category","embeddable":true,"href":"https:\/\/www.almargenweb.com.ar\/web\/wp-json\/wp\/v2\/categories?post=28361"},{"taxonomy":"post_tag","embeddable":true,"href":"https:\/\/www.almargenweb.com.ar\/web\/wp-json\/wp\/v2\/tags?post=28361"}],"curies":[{"name":"wp","href":"https:\/\/api.w.org\/{rel}","templated":true}]}}