{"id":28358,"date":"2018-11-30T13:31:50","date_gmt":"2018-11-30T16:31:50","guid":{"rendered":"http:\/\/www.almargenweb.com.ar\/web\/?p=28358"},"modified":"2018-11-30T13:31:50","modified_gmt":"2018-11-30T16:31:50","slug":"la-comuna-de-franck-recibio-aportes-para-la-incorporacion-de-nuevas-camaras-de-seguridad","status":"publish","type":"post","link":"https:\/\/www.almargenweb.com.ar\/web\/la-comuna-de-franck-recibio-aportes-para-la-incorporacion-de-nuevas-camaras-de-seguridad\/","title":{"rendered":"LA COMUNA DE FRANCK RECIBI\u00d3 APORTES PARA LA INCORPORACI\u00d3N DE NUEVAS C\u00c1MARAS DE SEGURIDAD."},"content":{"rendered":"<p>El presidente comunal, Javier Enrico, se reuni\u00f3 con al ministro de seguridad de la provincia de Santa Fe,\u00a0<a class=\"profileLink\" href=\"https:\/\/web.facebook.com\/maxipullaro\/?__tn__=K-R&amp;eid=ARCS_sBWRKKR5tWlQ9txgHbmJyFpmYBQJ_GC8PpmZf-fV3ZWsUKC57-c3LHWGfqzBrBSZU8qaxokd7Fs&amp;fref=mentions&amp;__xts__%5B0%5D=68.ARC5tCPB3Hx3KbvEKvVrozZ5NVbQZY6UXhzIFCQaVCZQMJk2IjbuHbOgcqcP9QZUQ1DCi9RR3Fohq7lSD_D4RtoawlEVOujp5Hop6QFQxjrnWJpxnGHZ3kSM1yoWfHoQ8YIfCQhO4rs2rA0JPYc43FUlNNFBibW97DP16ij85DmL4YPZGan_AcMCQGvqVrXCx5keqkpKxMKcfu7ALNSU5EmhNQwTiBPHETjWk2wBQPXArONwuxH-eNdaDDt3dJB8FsH64dT_9MrxC9a926247qSQ8FjGhOmzReuO17vZ_LMzAJJvc-9XeBXHpEINuKUEsvgMChO7eTQtWET7l2xk7WSJNg\" data-hovercard=\"\/ajax\/hovercard\/page.php?id=465558466800210&amp;extragetparams=%7B%22__tn__%22%3A%22%2CdK-R-R%22%2C%22eid%22%3A%22ARCS_sBWRKKR5tWlQ9txgHbmJyFpmYBQJ_GC8PpmZf-fV3ZWsUKC57-c3LHWGfqzBrBSZU8qaxokd7Fs%22%2C%22fref%22%3A%22mentions%22%7D\" data-hovercard-prefer-more-content-show=\"1\">Maxi Pullaro<\/a>\u00a0, en el marco de la entrega de aportes del programa &#8220;V\u00ednculos&#8221; a diferentes municipios y comunas de la provincia.<\/p>\n<p>Este programa, busca fortalecer las pol\u00edticas de prevenci\u00f3n en materia de seguridad p\u00fablica mediante un trabajo conjunto con los gobiernos locales.<\/p>\n<div class=\"text_exposed_show\">\n<p>La Comuna de Franck, a trav\u00e9s del Centro de Informes y Monitoreo (C.I.M), ampliar\u00e1 su sistema de vigilancia, seg\u00fan el proyecto presentado oportunamente al Ministerio de Seguridad, cumpliendo con los requerimiento del programa V\u00ednculos.<\/p>\n<p>&nbsp;<\/p>\n<\/div>\n<!-- AddThis Advanced Settings generic via filter on the_content --><!-- AddThis Share Buttons generic via filter on the_content -->","protected":false},"excerpt":{"rendered":"<p>El presidente comunal, Javier Enrico, se reuni\u00f3 con al ministro de seguridad de la provincia de [&hellip;]<!-- AddThis Advanced Settings generic via filter on get_the_excerpt --><!-- AddThis Share Buttons generic via filter on get_the_excerpt --><\/p>\n","protected":false},"author":13,"featured_media":28359,"comment_status":"open","ping_status":"open","sticky":false,"template":"","format":"standard","meta":{"_seopress_robots_primary_cat":"","_seopress_titles_title":"","_seopress_titles_desc":"","_seopress_robots_index":"","_themeisle_gutenberg_block_has_review":false,"footnotes":""},"categories":[21],"tags":[],"class_list":["post-28358","post","type-post","status-publish","format-standard","has-post-thumbnail","hentry","category-las-colonias"],"_links":{"self":[{"href":"https:\/\/www.almargenweb.com.ar\/web\/wp-json\/wp\/v2\/posts\/28358","targetHints":{"allow":["GET"]}}],"collection":[{"href":"https:\/\/www.almargenweb.com.ar\/web\/wp-json\/wp\/v2\/posts"}],"about":[{"href":"https:\/\/www.almargenweb.com.ar\/web\/wp-json\/wp\/v2\/types\/post"}],"author":[{"embeddable":true,"href":"https:\/\/www.almargenweb.com.ar\/web\/wp-json\/wp\/v2\/users\/13"}],"replies":[{"embeddable":true,"href":"https:\/\/www.almargenweb.com.ar\/web\/wp-json\/wp\/v2\/comments?post=28358"}],"version-history":[{"count":1,"href":"https:\/\/www.almargenweb.com.ar\/web\/wp-json\/wp\/v2\/posts\/28358\/revisions"}],"predecessor-version":[{"id":28360,"href":"https:\/\/www.almargenweb.com.ar\/web\/wp-json\/wp\/v2\/posts\/28358\/revisions\/28360"}],"wp:featuredmedia":[{"embeddable":true,"href":"https:\/\/www.almargenweb.com.ar\/web\/wp-json\/wp\/v2\/media\/28359"}],"wp:attachment":[{"href":"https:\/\/www.almargenweb.com.ar\/web\/wp-json\/wp\/v2\/media?parent=28358"}],"wp:term":[{"taxonomy":"category","embeddable":true,"href":"https:\/\/www.almargenweb.com.ar\/web\/wp-json\/wp\/v2\/categories?post=28358"},{"taxonomy":"post_tag","embeddable":true,"href":"https:\/\/www.almargenweb.com.ar\/web\/wp-json\/wp\/v2\/tags?post=28358"}],"curies":[{"name":"wp","href":"https:\/\/api.w.org\/{rel}","templated":true}]}}