{"id":28354,"date":"2018-11-30T13:28:31","date_gmt":"2018-11-30T16:28:31","guid":{"rendered":"http:\/\/www.almargenweb.com.ar\/web\/?p=28354"},"modified":"2018-11-30T13:28:31","modified_gmt":"2018-11-30T16:28:31","slug":"oficina-movil-de-defensoria-del-pueblo-en-progreso","status":"publish","type":"post","link":"https:\/\/www.almargenweb.com.ar\/web\/oficina-movil-de-defensoria-del-pueblo-en-progreso\/","title":{"rendered":"OFICINA M\u00d3VIL DE DEFENSOR\u00cdA DEL PUEBLO EN PROGRESO"},"content":{"rendered":"<p>La\u00a0<a class=\"profileLink\" href=\"https:\/\/web.facebook.com\/profile.php?id=100009655579339&amp;__tn__=%2CdK-R-R&amp;eid=ARAeAzrwqepIPoUv67BBLfADeFPj17FxjECHCx_pbTyGh2d4rgZwgOs8-HsvlRELOk4kY4OHgjgTwkmE&amp;fref=mentions\" data-hovercard=\"\/ajax\/hovercard\/user.php?id=100009655579339&amp;extragetparams=%7B%22__tn__%22%3A%22%2CdK-R-R%22%2C%22eid%22%3A%22ARAeAzrwqepIPoUv67BBLfADeFPj17FxjECHCx_pbTyGh2d4rgZwgOs8-HsvlRELOk4kY4OHgjgTwkmE%22%2C%22fref%22%3A%22mentions%22%7D\" data-hovercard-prefer-more-content-show=\"1\">Comuna de Progreso<\/a>\u00a0informa que la Defensor\u00eda del Pueblo de Santa Fe implement\u00f3 las Oficinas M\u00f3viles, veh\u00edculos itinerantes preparados para la atenci\u00f3n del p\u00fablico, con la presencia de profesionales de la instituci\u00f3n para atender y resolver presentaciones de los ciudadanos.<br \/>\nSi ten\u00e9s alguna duda o problema acercarte el jueves 6 de Diciembre de 9:30 a 13:00 horas en la Plaza Los Colonizadores.<\/p>\n<p><img loading=\"lazy\" decoding=\"async\" class=\"aligncenter wp-image-28355 size-full\" src=\"https:\/\/www.almargenweb.com.ar\/web\/wp-content\/uploads\/2018\/11\/47123945_780926082239237_4414968987192918016_n.jpg\" alt=\"\" width=\"960\" height=\"679\" srcset=\"https:\/\/www.almargenweb.com.ar\/web\/wp-content\/uploads\/2018\/11\/47123945_780926082239237_4414968987192918016_n.jpg 960w, https:\/\/www.almargenweb.com.ar\/web\/wp-content\/uploads\/2018\/11\/47123945_780926082239237_4414968987192918016_n-300x212.jpg 300w, https:\/\/www.almargenweb.com.ar\/web\/wp-content\/uploads\/2018\/11\/47123945_780926082239237_4414968987192918016_n-768x543.jpg 768w\" sizes=\"auto, (max-width: 960px) 100vw, 960px\" \/><\/p>\n<!-- AddThis Advanced Settings generic via filter on the_content --><!-- AddThis Share Buttons generic via filter on the_content -->","protected":false},"excerpt":{"rendered":"<p>La\u00a0Comuna de Progreso\u00a0informa que la Defensor\u00eda del Pueblo de Santa Fe implement\u00f3 las Oficinas M\u00f3viles, veh\u00edculos [&hellip;]<!-- AddThis Advanced Settings generic via filter on get_the_excerpt --><!-- AddThis Share Buttons generic via filter on get_the_excerpt --><\/p>\n","protected":false},"author":13,"featured_media":28356,"comment_status":"open","ping_status":"open","sticky":false,"template":"","format":"standard","meta":{"_seopress_robots_primary_cat":"","_seopress_titles_title":"","_seopress_titles_desc":"","_seopress_robots_index":"","_themeisle_gutenberg_block_has_review":false,"footnotes":""},"categories":[21],"tags":[],"class_list":["post-28354","post","type-post","status-publish","format-standard","has-post-thumbnail","hentry","category-las-colonias"],"_links":{"self":[{"href":"https:\/\/www.almargenweb.com.ar\/web\/wp-json\/wp\/v2\/posts\/28354","targetHints":{"allow":["GET"]}}],"collection":[{"href":"https:\/\/www.almargenweb.com.ar\/web\/wp-json\/wp\/v2\/posts"}],"about":[{"href":"https:\/\/www.almargenweb.com.ar\/web\/wp-json\/wp\/v2\/types\/post"}],"author":[{"embeddable":true,"href":"https:\/\/www.almargenweb.com.ar\/web\/wp-json\/wp\/v2\/users\/13"}],"replies":[{"embeddable":true,"href":"https:\/\/www.almargenweb.com.ar\/web\/wp-json\/wp\/v2\/comments?post=28354"}],"version-history":[{"count":1,"href":"https:\/\/www.almargenweb.com.ar\/web\/wp-json\/wp\/v2\/posts\/28354\/revisions"}],"predecessor-version":[{"id":28357,"href":"https:\/\/www.almargenweb.com.ar\/web\/wp-json\/wp\/v2\/posts\/28354\/revisions\/28357"}],"wp:featuredmedia":[{"embeddable":true,"href":"https:\/\/www.almargenweb.com.ar\/web\/wp-json\/wp\/v2\/media\/28356"}],"wp:attachment":[{"href":"https:\/\/www.almargenweb.com.ar\/web\/wp-json\/wp\/v2\/media?parent=28354"}],"wp:term":[{"taxonomy":"category","embeddable":true,"href":"https:\/\/www.almargenweb.com.ar\/web\/wp-json\/wp\/v2\/categories?post=28354"},{"taxonomy":"post_tag","embeddable":true,"href":"https:\/\/www.almargenweb.com.ar\/web\/wp-json\/wp\/v2\/tags?post=28354"}],"curies":[{"name":"wp","href":"https:\/\/api.w.org\/{rel}","templated":true}]}}