{"id":28351,"date":"2018-11-30T13:24:31","date_gmt":"2018-11-30T16:24:31","guid":{"rendered":"http:\/\/www.almargenweb.com.ar\/web\/?p=28351"},"modified":"2018-11-30T13:24:31","modified_gmt":"2018-11-30T16:24:31","slug":"grutly-se-suma-al-programa-ilumina-tu-provincia","status":"publish","type":"post","link":"https:\/\/www.almargenweb.com.ar\/web\/grutly-se-suma-al-programa-ilumina-tu-provincia\/","title":{"rendered":"GR\u00dcTLY SE SUMA AL PROGRAMA ILUMINA TU PROVINCIA"},"content":{"rendered":"<p>La Presidenta Comunal C.P.N Jimena Senn y el Dr. Lisandro Danna, firmaron el convenio a trav\u00e9s del cual la localidad de Gr\u00fctly se suma al programa &#8221; Ilumina tu Provincia&#8221; del Gobierno de Santa Fe. El mismo permitir\u00e1 a principios del a\u00f1o pr\u00f3ximo, realizar el recambio de parte de la luminaria tradicional por luminaria led sin costo; generando un gran ahorro e importantes beneficios para el cuidado del medio ambiente, como asi ta<span class=\"m_-7266838235760400195gmail-text_exposed_show\">mbi\u00e9n tener una mejor iluminaci\u00f3n y tecnolog\u00eda de gran calidad.<br \/>\n<\/span><\/p>\n<p><span class=\"m_-7266838235760400195gmail-text_exposed_show\">Consultada al respecto, la Presidenta Comunal expres\u00f3:&#8221;Estamos muy contentos de poder formar parte de este nuevo prgrama lanzado por la Empresa Provincial de la Energia, porque\u00a0 va a permitir un ahorro del 50% que es muy beneficioso tanto a corto y mediano plazo; y contribuye al cuidado del medio ambiente&#8221;. Asimismo agradeci\u00f3 al Sr. Mauricio Weibel por las gestiones realizadas.<\/span><\/p>\n<!-- AddThis Advanced Settings generic via filter on the_content --><!-- AddThis Share Buttons generic via filter on the_content -->","protected":false},"excerpt":{"rendered":"<p>La Presidenta Comunal C.P.N Jimena Senn y el Dr. Lisandro Danna, firmaron el convenio a trav\u00e9s [&hellip;]<!-- AddThis Advanced Settings generic via filter on get_the_excerpt --><!-- AddThis Share Buttons generic via filter on get_the_excerpt --><\/p>\n","protected":false},"author":13,"featured_media":28352,"comment_status":"open","ping_status":"open","sticky":false,"template":"","format":"standard","meta":{"_seopress_robots_primary_cat":"","_seopress_titles_title":"","_seopress_titles_desc":"","_seopress_robots_index":"","_themeisle_gutenberg_block_has_review":false,"footnotes":""},"categories":[21],"tags":[],"class_list":["post-28351","post","type-post","status-publish","format-standard","has-post-thumbnail","hentry","category-las-colonias"],"_links":{"self":[{"href":"https:\/\/www.almargenweb.com.ar\/web\/wp-json\/wp\/v2\/posts\/28351","targetHints":{"allow":["GET"]}}],"collection":[{"href":"https:\/\/www.almargenweb.com.ar\/web\/wp-json\/wp\/v2\/posts"}],"about":[{"href":"https:\/\/www.almargenweb.com.ar\/web\/wp-json\/wp\/v2\/types\/post"}],"author":[{"embeddable":true,"href":"https:\/\/www.almargenweb.com.ar\/web\/wp-json\/wp\/v2\/users\/13"}],"replies":[{"embeddable":true,"href":"https:\/\/www.almargenweb.com.ar\/web\/wp-json\/wp\/v2\/comments?post=28351"}],"version-history":[{"count":1,"href":"https:\/\/www.almargenweb.com.ar\/web\/wp-json\/wp\/v2\/posts\/28351\/revisions"}],"predecessor-version":[{"id":28353,"href":"https:\/\/www.almargenweb.com.ar\/web\/wp-json\/wp\/v2\/posts\/28351\/revisions\/28353"}],"wp:featuredmedia":[{"embeddable":true,"href":"https:\/\/www.almargenweb.com.ar\/web\/wp-json\/wp\/v2\/media\/28352"}],"wp:attachment":[{"href":"https:\/\/www.almargenweb.com.ar\/web\/wp-json\/wp\/v2\/media?parent=28351"}],"wp:term":[{"taxonomy":"category","embeddable":true,"href":"https:\/\/www.almargenweb.com.ar\/web\/wp-json\/wp\/v2\/categories?post=28351"},{"taxonomy":"post_tag","embeddable":true,"href":"https:\/\/www.almargenweb.com.ar\/web\/wp-json\/wp\/v2\/tags?post=28351"}],"curies":[{"name":"wp","href":"https:\/\/api.w.org\/{rel}","templated":true}]}}