{"id":28325,"date":"2018-11-29T18:20:54","date_gmt":"2018-11-29T21:20:54","guid":{"rendered":"http:\/\/www.almargenweb.com.ar\/web\/?p=28325"},"modified":"2018-11-29T18:20:54","modified_gmt":"2018-11-29T21:20:54","slug":"rodrigo-muller-avanzan-obras-pedidas-por-vecinos-de-colonia-pujol","status":"publish","type":"post","link":"https:\/\/www.almargenweb.com.ar\/web\/rodrigo-muller-avanzan-obras-pedidas-por-vecinos-de-colonia-pujol\/","title":{"rendered":"RODRIGO M\u00dcLLER: &#8220;AVANZAN OBRAS PEDIDAS POR VECINOS DE COLONIA PUJOL&#8221;"},"content":{"rendered":"<p align=\"justify\"><span style=\"font-family: Times New Roman, serif;\"><span style=\"font-size: medium;\"><span style=\"color: #212121;\"><span style=\"font-family: Segoe UI, serif;\">Tras las gestiones realizadas por el Dr. Rodrigo M\u00fcller acompa\u00f1ando el pedido de ampliaci\u00f3n de los trabajos en la cuneta sur de Colonia Pujol con una nota entregada en Agosto de 2018, al Subadministrador de Vialidad Provincial, Rafael De Pace, &#8220;pudimos constatar la receptividad que tuvo la solicitud al visitar la obra&#8221;, precis\u00f3 M\u00fcller.<\/span><\/span><\/span><\/span><\/p>\n<p align=\"justify\"><span style=\"font-family: Times New Roman, serif;\"><span style=\"font-size: medium;\"><span style=\"color: #212121;\"><span style=\"font-family: Segoe UI, serif;\">Se agregaron 71 metros adicionales para prevenir excesos hidricos que afectaron el casco urbano y al mismo tiempo se construir\u00e1 una ciclovia para dotar de seguridad al desplazamiento de los vecinos en general y los alumnos que asisten a la Escuela &#8220;Jos\u00e9 Pedroni&#8221;<\/span><\/span><\/span><\/span><\/p>\n<p align=\"justify\"><span style=\"font-family: Times New Roman, serif;\"><span style=\"font-size: medium;\"><span style=\"color: #212121;\"><span style=\"font-family: Segoe UI, serif;\">&#8220;Es una satisfacci\u00f3n comunicar estas noticias que revelan, por un lado la participaci\u00f3n de los vecinos y por otro la escucha y comprensi\u00f3n de las autoridades&#8221;, concluy\u00f3 Rodrigo M\u00fcller<\/span><\/span><\/span><\/span><\/p>\n<p align=\"justify\"><img loading=\"lazy\" decoding=\"async\" class=\"aligncenter wp-image-28327 size-large\" src=\"https:\/\/www.almargenweb.com.ar\/web\/wp-content\/uploads\/2018\/11\/Obra-Pujol-768x1024.jpeg\" alt=\"\" width=\"640\" height=\"853\" srcset=\"https:\/\/www.almargenweb.com.ar\/web\/wp-content\/uploads\/2018\/11\/Obra-Pujol-768x1024.jpeg 768w, https:\/\/www.almargenweb.com.ar\/web\/wp-content\/uploads\/2018\/11\/Obra-Pujol-225x300.jpeg 225w, https:\/\/www.almargenweb.com.ar\/web\/wp-content\/uploads\/2018\/11\/Obra-Pujol.jpeg 900w\" sizes=\"auto, (max-width: 640px) 100vw, 640px\" \/><\/p>\n<!-- AddThis Advanced Settings generic via filter on the_content --><!-- AddThis Share Buttons generic via filter on the_content -->","protected":false},"excerpt":{"rendered":"<p>Tras las gestiones realizadas por el Dr. Rodrigo M\u00fcller acompa\u00f1ando el pedido de ampliaci\u00f3n de los [&hellip;]<!-- AddThis Advanced Settings generic via filter on get_the_excerpt --><!-- AddThis Share Buttons generic via filter on get_the_excerpt --><\/p>\n","protected":false},"author":13,"featured_media":28326,"comment_status":"open","ping_status":"open","sticky":false,"template":"","format":"standard","meta":{"_seopress_robots_primary_cat":"","_seopress_titles_title":"","_seopress_titles_desc":"","_seopress_robots_index":"","_themeisle_gutenberg_block_has_review":false,"footnotes":""},"categories":[21],"tags":[],"class_list":["post-28325","post","type-post","status-publish","format-standard","has-post-thumbnail","hentry","category-las-colonias"],"_links":{"self":[{"href":"https:\/\/www.almargenweb.com.ar\/web\/wp-json\/wp\/v2\/posts\/28325","targetHints":{"allow":["GET"]}}],"collection":[{"href":"https:\/\/www.almargenweb.com.ar\/web\/wp-json\/wp\/v2\/posts"}],"about":[{"href":"https:\/\/www.almargenweb.com.ar\/web\/wp-json\/wp\/v2\/types\/post"}],"author":[{"embeddable":true,"href":"https:\/\/www.almargenweb.com.ar\/web\/wp-json\/wp\/v2\/users\/13"}],"replies":[{"embeddable":true,"href":"https:\/\/www.almargenweb.com.ar\/web\/wp-json\/wp\/v2\/comments?post=28325"}],"version-history":[{"count":1,"href":"https:\/\/www.almargenweb.com.ar\/web\/wp-json\/wp\/v2\/posts\/28325\/revisions"}],"predecessor-version":[{"id":28328,"href":"https:\/\/www.almargenweb.com.ar\/web\/wp-json\/wp\/v2\/posts\/28325\/revisions\/28328"}],"wp:featuredmedia":[{"embeddable":true,"href":"https:\/\/www.almargenweb.com.ar\/web\/wp-json\/wp\/v2\/media\/28326"}],"wp:attachment":[{"href":"https:\/\/www.almargenweb.com.ar\/web\/wp-json\/wp\/v2\/media?parent=28325"}],"wp:term":[{"taxonomy":"category","embeddable":true,"href":"https:\/\/www.almargenweb.com.ar\/web\/wp-json\/wp\/v2\/categories?post=28325"},{"taxonomy":"post_tag","embeddable":true,"href":"https:\/\/www.almargenweb.com.ar\/web\/wp-json\/wp\/v2\/tags?post=28325"}],"curies":[{"name":"wp","href":"https:\/\/api.w.org\/{rel}","templated":true}]}}