{"id":28286,"date":"2018-11-28T13:12:38","date_gmt":"2018-11-28T16:12:38","guid":{"rendered":"http:\/\/www.almargenweb.com.ar\/web\/?p=28286"},"modified":"2018-11-28T13:12:38","modified_gmt":"2018-11-28T16:12:38","slug":"fascendini-la-provincia-apoya-las-obras-del-parque-industrial-de-esperanza","status":"publish","type":"post","link":"https:\/\/www.almargenweb.com.ar\/web\/fascendini-la-provincia-apoya-las-obras-del-parque-industrial-de-esperanza\/","title":{"rendered":"FASCENDINI: LA PROVINCIA APOYA LAS OBRAS DEL PARQUE INDUSTRIAL DE ESPERANZA"},"content":{"rendered":"<p dir=\"ltr\">En el Sal\u00f3n Blanco de la Municipalidad de Esperanza, el vicegobernador de la provincia, Carlos Fascendini, presidi\u00f3 el acto de apertura de ofertas para la provisi\u00f3n de energ\u00eda el\u00e9ctrica intramuros del Parque Industrial de Esperanza.<\/p>\n<p dir=\"ltr\">Acompa\u00f1ado por la intendenta municipal, Ana Meiners y miembros del gabinete, se procedi\u00f3 a la apertura de sobres de las ofertas para adquisici\u00f3n de transformadores y conductores, por un lado, y la mano de obra y materiales menores por un monto de 17.792.000 pesos.<\/p>\n<p dir=\"ltr\">Fascendini destac\u00f3 que ante la falta de financiaci\u00f3n nacional &#8220;la provincia implementa a trav\u00e9s del PROMUDI (Programa Municipal de Inversiones) los mecanismos para analizar y financiar proyectos con la participaci\u00f3n de una comisi\u00f3n ministerial que integran t\u00e9cnicos e industriales&#8221;<\/p>\n<p dir=\"ltr\">&#8220;Es una herramienta que viene dando buenos resultados para apoyar las iniciativas privadas con recursos como es el caso del \u00e1rea industrial Esperanza&#8221;<\/p>\n<p dir=\"ltr\">&#8220;Hoy damos un nuevo paso importante con esta licitaci\u00f3n cuya financiaci\u00f3n es 50 % no reintegrable&#8221;<\/p>\n<p dir=\"ltr\">Fascendini record\u00f3 que en 2015 &#8220;aportamos 12.500.000 pesos y posteriormente el gobernador Lifschitz entreg\u00f3 5.200.000 pesos con lo cual el apoyo suma aproximadamente 35.500.000 pesos&#8221;<\/p>\n<p dir=\"ltr\">&#8220;Nuestro gobierno tiene una fuerte impronta de obras p\u00fablicas pero adem\u00e1s apuesta al desarrollo industrial y productivo acompa\u00f1ando a las pymes que son los motores del crecimiento y el empleo&#8221;<\/p>\n<!-- AddThis Advanced Settings generic via filter on the_content --><!-- AddThis Share Buttons generic via filter on the_content -->","protected":false},"excerpt":{"rendered":"<p>En el Sal\u00f3n Blanco de la Municipalidad de Esperanza, el vicegobernador de la provincia, Carlos Fascendini, [&hellip;]<!-- AddThis Advanced Settings generic via filter on get_the_excerpt --><!-- AddThis Share Buttons generic via filter on get_the_excerpt --><\/p>\n","protected":false},"author":13,"featured_media":28287,"comment_status":"open","ping_status":"open","sticky":false,"template":"","format":"standard","meta":{"_seopress_robots_primary_cat":"","_seopress_titles_title":"","_seopress_titles_desc":"","_seopress_robots_index":"","_themeisle_gutenberg_block_has_review":false,"footnotes":""},"categories":[47],"tags":[],"class_list":["post-28286","post","type-post","status-publish","format-standard","has-post-thumbnail","hentry","category-locales"],"_links":{"self":[{"href":"https:\/\/www.almargenweb.com.ar\/web\/wp-json\/wp\/v2\/posts\/28286","targetHints":{"allow":["GET"]}}],"collection":[{"href":"https:\/\/www.almargenweb.com.ar\/web\/wp-json\/wp\/v2\/posts"}],"about":[{"href":"https:\/\/www.almargenweb.com.ar\/web\/wp-json\/wp\/v2\/types\/post"}],"author":[{"embeddable":true,"href":"https:\/\/www.almargenweb.com.ar\/web\/wp-json\/wp\/v2\/users\/13"}],"replies":[{"embeddable":true,"href":"https:\/\/www.almargenweb.com.ar\/web\/wp-json\/wp\/v2\/comments?post=28286"}],"version-history":[{"count":1,"href":"https:\/\/www.almargenweb.com.ar\/web\/wp-json\/wp\/v2\/posts\/28286\/revisions"}],"predecessor-version":[{"id":28288,"href":"https:\/\/www.almargenweb.com.ar\/web\/wp-json\/wp\/v2\/posts\/28286\/revisions\/28288"}],"wp:featuredmedia":[{"embeddable":true,"href":"https:\/\/www.almargenweb.com.ar\/web\/wp-json\/wp\/v2\/media\/28287"}],"wp:attachment":[{"href":"https:\/\/www.almargenweb.com.ar\/web\/wp-json\/wp\/v2\/media?parent=28286"}],"wp:term":[{"taxonomy":"category","embeddable":true,"href":"https:\/\/www.almargenweb.com.ar\/web\/wp-json\/wp\/v2\/categories?post=28286"},{"taxonomy":"post_tag","embeddable":true,"href":"https:\/\/www.almargenweb.com.ar\/web\/wp-json\/wp\/v2\/tags?post=28286"}],"curies":[{"name":"wp","href":"https:\/\/api.w.org\/{rel}","templated":true}]}}