{"id":28248,"date":"2018-11-22T12:10:09","date_gmt":"2018-11-22T15:10:09","guid":{"rendered":"http:\/\/www.almargenweb.com.ar\/web\/?p=28248"},"modified":"2018-11-22T12:10:09","modified_gmt":"2018-11-22T15:10:09","slug":"la-comuna-de-san-carlos-sud-nuevamente-incluida-en-el-programa-provincial-equipar","status":"publish","type":"post","link":"https:\/\/www.almargenweb.com.ar\/web\/la-comuna-de-san-carlos-sud-nuevamente-incluida-en-el-programa-provincial-equipar\/","title":{"rendered":"LA COMUNA DE SAN CARLOS SUD NUEVAMENTE INCLUIDA EN EL PROGRAMA PROVINCIAL EQUIPAR."},"content":{"rendered":"<p style=\"font-weight: 400;\">D\u00edas atr\u00e1s, el Presidente Comunal de San Carlos Sud, particip\u00f3 de la firma del convenio del Programa Provincial \u201cEquipar\u201d para la adquisici\u00f3n en este caso de una pala frontal retro marca \u201cNew Holland\u201d 0 Km que llegar\u00e1 en los pr\u00f3ximos meses.<\/p>\n<p style=\"font-weight: 400;\">\u00a0\u201cEquipar\u201d es un programa provincial que promueve la renovaci\u00f3n y ampliaci\u00f3n del equipamiento que utilizan los municipios y comunas para realizar obras y brindar servicios p\u00fablicos en sus localidades.<\/p>\n<p style=\"font-weight: 400;\">El programa financia la compra de equipamiento a municipios y comunas para mejorar la calidad de los servicios que prestan a la comunidad, tales como: construcci\u00f3n, mantenimiento, ensanche y apertura de calles y caminos urbanos y rurales, pavimentaci\u00f3n y repavimentaci\u00f3n de calzadas, obras hidr\u00e1ulicas, transporte de personas y mejoramiento de comunicaciones interurbanas, entre otras.<\/p>\n<p style=\"font-weight: 400;\">Mediante este programa el Gobierno de la Provincia realiza la compra centralizada y a escala del equipamiento solicitado por los municipios y comunas, logrando mediante la compra global condiciones econ\u00f3micamente favorables y otorga financiamiento a tasas y plazos convenientes por hasta 1.000 millones de pesos.<\/p>\n<p style=\"font-weight: 400;\">Los municipios y comunas interesados podr\u00e1n generar la solicitud de compra del equipamiento necesario, que ser\u00e1 financiada en pesos y en un plazo m\u00ednimo de amortizaci\u00f3n de 24 a 72 meses, seg\u00fan corresponda.<\/p>\n<!-- AddThis Advanced Settings generic via filter on the_content --><!-- AddThis Share Buttons generic via filter on the_content -->","protected":false},"excerpt":{"rendered":"<p>D\u00edas atr\u00e1s, el Presidente Comunal de San Carlos Sud, particip\u00f3 de la firma del convenio del [&hellip;]<!-- AddThis Advanced Settings generic via filter on get_the_excerpt --><!-- AddThis Share Buttons generic via filter on get_the_excerpt --><\/p>\n","protected":false},"author":13,"featured_media":28249,"comment_status":"open","ping_status":"open","sticky":false,"template":"","format":"standard","meta":{"_seopress_robots_primary_cat":"","_seopress_titles_title":"","_seopress_titles_desc":"","_seopress_robots_index":"","_themeisle_gutenberg_block_has_review":false,"footnotes":""},"categories":[21],"tags":[],"class_list":["post-28248","post","type-post","status-publish","format-standard","has-post-thumbnail","hentry","category-las-colonias"],"_links":{"self":[{"href":"https:\/\/www.almargenweb.com.ar\/web\/wp-json\/wp\/v2\/posts\/28248","targetHints":{"allow":["GET"]}}],"collection":[{"href":"https:\/\/www.almargenweb.com.ar\/web\/wp-json\/wp\/v2\/posts"}],"about":[{"href":"https:\/\/www.almargenweb.com.ar\/web\/wp-json\/wp\/v2\/types\/post"}],"author":[{"embeddable":true,"href":"https:\/\/www.almargenweb.com.ar\/web\/wp-json\/wp\/v2\/users\/13"}],"replies":[{"embeddable":true,"href":"https:\/\/www.almargenweb.com.ar\/web\/wp-json\/wp\/v2\/comments?post=28248"}],"version-history":[{"count":1,"href":"https:\/\/www.almargenweb.com.ar\/web\/wp-json\/wp\/v2\/posts\/28248\/revisions"}],"predecessor-version":[{"id":28250,"href":"https:\/\/www.almargenweb.com.ar\/web\/wp-json\/wp\/v2\/posts\/28248\/revisions\/28250"}],"wp:featuredmedia":[{"embeddable":true,"href":"https:\/\/www.almargenweb.com.ar\/web\/wp-json\/wp\/v2\/media\/28249"}],"wp:attachment":[{"href":"https:\/\/www.almargenweb.com.ar\/web\/wp-json\/wp\/v2\/media?parent=28248"}],"wp:term":[{"taxonomy":"category","embeddable":true,"href":"https:\/\/www.almargenweb.com.ar\/web\/wp-json\/wp\/v2\/categories?post=28248"},{"taxonomy":"post_tag","embeddable":true,"href":"https:\/\/www.almargenweb.com.ar\/web\/wp-json\/wp\/v2\/tags?post=28248"}],"curies":[{"name":"wp","href":"https:\/\/api.w.org\/{rel}","templated":true}]}}