{"id":28230,"date":"2018-11-14T13:16:02","date_gmt":"2018-11-14T16:16:02","guid":{"rendered":"http:\/\/www.almargenweb.com.ar\/web\/?p=28230"},"modified":"2018-11-14T13:16:11","modified_gmt":"2018-11-14T16:16:11","slug":"luminarias-led-para-sarmiento","status":"publish","type":"post","link":"https:\/\/www.almargenweb.com.ar\/web\/luminarias-led-para-sarmiento\/","title":{"rendered":"Luminarias LED para Sarmiento"},"content":{"rendered":"<p>El d\u00eda lunes el Presidente Comunal,\u00a0<em>Eduardo Warnke,<\/em> asisti\u00f3 a la presentaci\u00f3n en Casa de Gobierno del programa &#8220;Ilumina tu Provincia&#8221; para el recambio de luminarias Leds.<br \/>\nEn el marco de dicho encuentro y a trav\u00e9s de la gesti\u00f3n del Presidente se firm\u00f3 el convenio para la entrega de las luminarias LED y as\u00ed continuar renovando las mismas de la Planta Urbana.<\/p>\n<p>&nbsp;<\/p>\n<p><img loading=\"lazy\" decoding=\"async\" class=\"aligncenter wp-image-28231 size-full\" src=\"https:\/\/www.almargenweb.com.ar\/web\/wp-content\/uploads\/2018\/11\/45843889_351764392218032_7755964990950998016_n.jpg\" alt=\"\" width=\"540\" height=\"960\" srcset=\"https:\/\/www.almargenweb.com.ar\/web\/wp-content\/uploads\/2018\/11\/45843889_351764392218032_7755964990950998016_n.jpg 540w, https:\/\/www.almargenweb.com.ar\/web\/wp-content\/uploads\/2018\/11\/45843889_351764392218032_7755964990950998016_n-169x300.jpg 169w\" sizes=\"auto, (max-width: 540px) 100vw, 540px\" \/><\/p>\n<!-- AddThis Advanced Settings generic via filter on the_content --><!-- AddThis Share Buttons generic via filter on the_content -->","protected":false},"excerpt":{"rendered":"<p>El d\u00eda lunes el Presidente Comunal,\u00a0Eduardo Warnke, asisti\u00f3 a la presentaci\u00f3n en Casa de Gobierno del [&hellip;]<!-- AddThis Advanced Settings generic via filter on get_the_excerpt --><!-- AddThis Share Buttons generic via filter on get_the_excerpt --><\/p>\n","protected":false},"author":13,"featured_media":28232,"comment_status":"open","ping_status":"open","sticky":false,"template":"","format":"standard","meta":{"_seopress_robots_primary_cat":"","_seopress_titles_title":"","_seopress_titles_desc":"","_seopress_robots_index":"","_themeisle_gutenberg_block_has_review":false,"footnotes":""},"categories":[21],"tags":[],"class_list":["post-28230","post","type-post","status-publish","format-standard","has-post-thumbnail","hentry","category-las-colonias"],"_links":{"self":[{"href":"https:\/\/www.almargenweb.com.ar\/web\/wp-json\/wp\/v2\/posts\/28230","targetHints":{"allow":["GET"]}}],"collection":[{"href":"https:\/\/www.almargenweb.com.ar\/web\/wp-json\/wp\/v2\/posts"}],"about":[{"href":"https:\/\/www.almargenweb.com.ar\/web\/wp-json\/wp\/v2\/types\/post"}],"author":[{"embeddable":true,"href":"https:\/\/www.almargenweb.com.ar\/web\/wp-json\/wp\/v2\/users\/13"}],"replies":[{"embeddable":true,"href":"https:\/\/www.almargenweb.com.ar\/web\/wp-json\/wp\/v2\/comments?post=28230"}],"version-history":[{"count":2,"href":"https:\/\/www.almargenweb.com.ar\/web\/wp-json\/wp\/v2\/posts\/28230\/revisions"}],"predecessor-version":[{"id":28234,"href":"https:\/\/www.almargenweb.com.ar\/web\/wp-json\/wp\/v2\/posts\/28230\/revisions\/28234"}],"wp:featuredmedia":[{"embeddable":true,"href":"https:\/\/www.almargenweb.com.ar\/web\/wp-json\/wp\/v2\/media\/28232"}],"wp:attachment":[{"href":"https:\/\/www.almargenweb.com.ar\/web\/wp-json\/wp\/v2\/media?parent=28230"}],"wp:term":[{"taxonomy":"category","embeddable":true,"href":"https:\/\/www.almargenweb.com.ar\/web\/wp-json\/wp\/v2\/categories?post=28230"},{"taxonomy":"post_tag","embeddable":true,"href":"https:\/\/www.almargenweb.com.ar\/web\/wp-json\/wp\/v2\/tags?post=28230"}],"curies":[{"name":"wp","href":"https:\/\/api.w.org\/{rel}","templated":true}]}}