{"id":28210,"date":"2018-11-13T12:46:23","date_gmt":"2018-11-13T15:46:23","guid":{"rendered":"http:\/\/www.almargenweb.com.ar\/web\/?p=28210"},"modified":"2018-11-13T12:46:23","modified_gmt":"2018-11-13T15:46:23","slug":"la-comuna-de-san-carlos-sud-continua-invirtiendo-en-maquinarias-y-herramientas","status":"publish","type":"post","link":"https:\/\/www.almargenweb.com.ar\/web\/la-comuna-de-san-carlos-sud-continua-invirtiendo-en-maquinarias-y-herramientas\/","title":{"rendered":"LA COMUNA DE SAN CARLOS SUD CONTIN\u00daA INVIRTIENDO EN MAQUINARIAS Y HERRAMIENTAS"},"content":{"rendered":"<p style=\"font-weight: 400;\">En esta oportunidad y con recursos propios, la gesti\u00f3n comunal presidida por el Arq. Santiago Walker, invirti\u00f3 en la compra de una soldadura el\u00e9ctrica de mano, un limpiador de ca\u00f1er\u00edas para la red de cloacas y 150 metros de manguera de alta resistencia para ser utilizada en los diferentes espacios p\u00fablicos, Vivero Comunal y Cementerio.<\/p>\n<p style=\"font-weight: 400;\">Adem\u00e1s se contin\u00faa con la compra de luces LED (15 en esta oportunidad) para su \u00a0renovaci\u00f3n en los espacios p\u00fablicos.<\/p>\n<p style=\"font-weight: 400;\">Por su parte el Gabinete Joven adquiri\u00f3 un inflador urbano colocado en el frente de la Sede Comunal, y que puede ser utilizado por quien lo necesite.<\/p>\n<!-- AddThis Advanced Settings generic via filter on the_content --><!-- AddThis Share Buttons generic via filter on the_content -->","protected":false},"excerpt":{"rendered":"<p>En esta oportunidad y con recursos propios, la gesti\u00f3n comunal presidida por el Arq. Santiago Walker, [&hellip;]<!-- AddThis Advanced Settings generic via filter on get_the_excerpt --><!-- AddThis Share Buttons generic via filter on get_the_excerpt --><\/p>\n","protected":false},"author":13,"featured_media":28211,"comment_status":"open","ping_status":"open","sticky":false,"template":"","format":"standard","meta":{"_seopress_robots_primary_cat":"","_seopress_titles_title":"","_seopress_titles_desc":"","_seopress_robots_index":"","_themeisle_gutenberg_block_has_review":false,"footnotes":""},"categories":[21],"tags":[],"class_list":["post-28210","post","type-post","status-publish","format-standard","has-post-thumbnail","hentry","category-las-colonias"],"_links":{"self":[{"href":"https:\/\/www.almargenweb.com.ar\/web\/wp-json\/wp\/v2\/posts\/28210","targetHints":{"allow":["GET"]}}],"collection":[{"href":"https:\/\/www.almargenweb.com.ar\/web\/wp-json\/wp\/v2\/posts"}],"about":[{"href":"https:\/\/www.almargenweb.com.ar\/web\/wp-json\/wp\/v2\/types\/post"}],"author":[{"embeddable":true,"href":"https:\/\/www.almargenweb.com.ar\/web\/wp-json\/wp\/v2\/users\/13"}],"replies":[{"embeddable":true,"href":"https:\/\/www.almargenweb.com.ar\/web\/wp-json\/wp\/v2\/comments?post=28210"}],"version-history":[{"count":1,"href":"https:\/\/www.almargenweb.com.ar\/web\/wp-json\/wp\/v2\/posts\/28210\/revisions"}],"predecessor-version":[{"id":28212,"href":"https:\/\/www.almargenweb.com.ar\/web\/wp-json\/wp\/v2\/posts\/28210\/revisions\/28212"}],"wp:featuredmedia":[{"embeddable":true,"href":"https:\/\/www.almargenweb.com.ar\/web\/wp-json\/wp\/v2\/media\/28211"}],"wp:attachment":[{"href":"https:\/\/www.almargenweb.com.ar\/web\/wp-json\/wp\/v2\/media?parent=28210"}],"wp:term":[{"taxonomy":"category","embeddable":true,"href":"https:\/\/www.almargenweb.com.ar\/web\/wp-json\/wp\/v2\/categories?post=28210"},{"taxonomy":"post_tag","embeddable":true,"href":"https:\/\/www.almargenweb.com.ar\/web\/wp-json\/wp\/v2\/tags?post=28210"}],"curies":[{"name":"wp","href":"https:\/\/api.w.org\/{rel}","templated":true}]}}