{"id":28194,"date":"2018-11-08T12:45:14","date_gmt":"2018-11-08T15:45:14","guid":{"rendered":"http:\/\/www.almargenweb.com.ar\/web\/?p=28194"},"modified":"2018-11-08T12:45:14","modified_gmt":"2018-11-08T15:45:14","slug":"fascendini-confirmo-la-construccion-de-20-viviendas-para-esperanza","status":"publish","type":"post","link":"https:\/\/www.almargenweb.com.ar\/web\/fascendini-confirmo-la-construccion-de-20-viviendas-para-esperanza\/","title":{"rendered":"FASCENDINI CONFIRM\u00d3 LA CONSTRUCCI\u00d3N DE 20 VIVIENDAS PARA ESPERANZA"},"content":{"rendered":"<p dir=\"ltr\">El vicegobernador de la provincia, Carlos Fascendini, anunci\u00f3 la fecha del llamado a licitaci\u00f3n para la construcci\u00f3n de 20 viviendas en la ciudad de Esperanza.<\/p>\n<p dir=\"ltr\">El acto se realizar\u00e1 el 5 de diciembre a las 9.30 en la Casa de Gobierno.<\/p>\n<p dir=\"ltr\">El vicegobernador hab\u00eda adelantado la decisi\u00f3n del Gobierno de la Provincia durante una recorrida que realiz\u00f3 en la obra de entubamiento del Canal Alem de Esperanza, tambi\u00e9n\u00a0 con financiamiento de la provincia.<\/p>\n<p dir=\"ltr\">El complejo habitacional de 20 unidades se levantar\u00e1 en terrenos cedidos por la Municipalidad de Esperanza en el sector norte, barrio La Orilla.<\/p>\n<!-- AddThis Advanced Settings generic via filter on the_content --><!-- AddThis Share Buttons generic via filter on the_content -->","protected":false},"excerpt":{"rendered":"<p>El vicegobernador de la provincia, Carlos Fascendini, anunci\u00f3 la fecha del llamado a licitaci\u00f3n para la [&hellip;]<!-- AddThis Advanced Settings generic via filter on get_the_excerpt --><!-- AddThis Share Buttons generic via filter on get_the_excerpt --><\/p>\n","protected":false},"author":13,"featured_media":28195,"comment_status":"open","ping_status":"open","sticky":false,"template":"","format":"standard","meta":{"_seopress_robots_primary_cat":"","_seopress_titles_title":"","_seopress_titles_desc":"","_seopress_robots_index":"","_themeisle_gutenberg_block_has_review":false,"footnotes":""},"categories":[47],"tags":[],"class_list":["post-28194","post","type-post","status-publish","format-standard","has-post-thumbnail","hentry","category-locales"],"_links":{"self":[{"href":"https:\/\/www.almargenweb.com.ar\/web\/wp-json\/wp\/v2\/posts\/28194","targetHints":{"allow":["GET"]}}],"collection":[{"href":"https:\/\/www.almargenweb.com.ar\/web\/wp-json\/wp\/v2\/posts"}],"about":[{"href":"https:\/\/www.almargenweb.com.ar\/web\/wp-json\/wp\/v2\/types\/post"}],"author":[{"embeddable":true,"href":"https:\/\/www.almargenweb.com.ar\/web\/wp-json\/wp\/v2\/users\/13"}],"replies":[{"embeddable":true,"href":"https:\/\/www.almargenweb.com.ar\/web\/wp-json\/wp\/v2\/comments?post=28194"}],"version-history":[{"count":1,"href":"https:\/\/www.almargenweb.com.ar\/web\/wp-json\/wp\/v2\/posts\/28194\/revisions"}],"predecessor-version":[{"id":28196,"href":"https:\/\/www.almargenweb.com.ar\/web\/wp-json\/wp\/v2\/posts\/28194\/revisions\/28196"}],"wp:featuredmedia":[{"embeddable":true,"href":"https:\/\/www.almargenweb.com.ar\/web\/wp-json\/wp\/v2\/media\/28195"}],"wp:attachment":[{"href":"https:\/\/www.almargenweb.com.ar\/web\/wp-json\/wp\/v2\/media?parent=28194"}],"wp:term":[{"taxonomy":"category","embeddable":true,"href":"https:\/\/www.almargenweb.com.ar\/web\/wp-json\/wp\/v2\/categories?post=28194"},{"taxonomy":"post_tag","embeddable":true,"href":"https:\/\/www.almargenweb.com.ar\/web\/wp-json\/wp\/v2\/tags?post=28194"}],"curies":[{"name":"wp","href":"https:\/\/api.w.org\/{rel}","templated":true}]}}