{"id":28188,"date":"2018-11-07T13:23:05","date_gmt":"2018-11-07T16:23:05","guid":{"rendered":"http:\/\/www.almargenweb.com.ar\/web\/?p=28188"},"modified":"2018-11-07T13:23:05","modified_gmt":"2018-11-07T16:23:05","slug":"sarmiento-festeja-el-dia-de-la-tradicion","status":"publish","type":"post","link":"https:\/\/www.almargenweb.com.ar\/web\/sarmiento-festeja-el-dia-de-la-tradicion\/","title":{"rendered":"Sarmiento festeja el D\u00eda de la Tradici\u00f3n"},"content":{"rendered":"<p>El domingo 11 de noviembre La Comuna de Sarmiento invita a festejar el d\u00eda de la tradici\u00f3n junto al grupo de danzas folcl\u00f3ricas &#8220;RESCATANDO TRADICIONES&#8221;<br \/>\nA PARTIR DE LAS 10 HS. EN LA\u00a0<a href=\"https:\/\/www.facebook.com\/profile.php?id=100009293196213&amp;__tn__=%2CdK%2AF-R&amp;eid=ARDDzKsBndiPizL1yqxfW8jn_YcjJ1ph6xRPA9Tnq2nyKnkCagHZzHygyha5vAB1NAnTYfmzUpGj9MQC\" data-hovercard=\"\/ajax\/hovercard\/user.php?id=100009293196213&amp;extragetparams=%7B%22__tn__%22%3A%22%2CdK%2AF-R%22%2C%22eid%22%3A%22ARDDzKsBndiPizL1yqxfW8jn_YcjJ1ph6xRPA9Tnq2nyKnkCagHZzHygyha5vAB1NAnTYfmzUpGj9MQC%22%2C%22directed_target_id%22%3Anull%2C%22groups_location%22%3Anull%7D\" data-hovercard-prefer-more-content-show=\"1\">Planta Campamentil Ingeniero Boasi<\/a>\u00a0DONDE SE DISFRUTARA DE M\u00daSICA, DANZAS Y DESTREZAS GAUCHAS<\/p>\n<!-- AddThis Advanced Settings generic via filter on the_content --><!-- AddThis Share Buttons generic via filter on the_content -->","protected":false},"excerpt":{"rendered":"<p>El domingo 11 de noviembre La Comuna de Sarmiento invita a festejar el d\u00eda de la [&hellip;]<!-- AddThis Advanced Settings generic via filter on get_the_excerpt --><!-- AddThis Share Buttons generic via filter on get_the_excerpt --><\/p>\n","protected":false},"author":13,"featured_media":28189,"comment_status":"open","ping_status":"open","sticky":false,"template":"","format":"standard","meta":{"_seopress_robots_primary_cat":"","_seopress_titles_title":"","_seopress_titles_desc":"","_seopress_robots_index":"","_themeisle_gutenberg_block_has_review":false,"footnotes":""},"categories":[21],"tags":[],"class_list":["post-28188","post","type-post","status-publish","format-standard","has-post-thumbnail","hentry","category-las-colonias"],"_links":{"self":[{"href":"https:\/\/www.almargenweb.com.ar\/web\/wp-json\/wp\/v2\/posts\/28188","targetHints":{"allow":["GET"]}}],"collection":[{"href":"https:\/\/www.almargenweb.com.ar\/web\/wp-json\/wp\/v2\/posts"}],"about":[{"href":"https:\/\/www.almargenweb.com.ar\/web\/wp-json\/wp\/v2\/types\/post"}],"author":[{"embeddable":true,"href":"https:\/\/www.almargenweb.com.ar\/web\/wp-json\/wp\/v2\/users\/13"}],"replies":[{"embeddable":true,"href":"https:\/\/www.almargenweb.com.ar\/web\/wp-json\/wp\/v2\/comments?post=28188"}],"version-history":[{"count":1,"href":"https:\/\/www.almargenweb.com.ar\/web\/wp-json\/wp\/v2\/posts\/28188\/revisions"}],"predecessor-version":[{"id":28190,"href":"https:\/\/www.almargenweb.com.ar\/web\/wp-json\/wp\/v2\/posts\/28188\/revisions\/28190"}],"wp:featuredmedia":[{"embeddable":true,"href":"https:\/\/www.almargenweb.com.ar\/web\/wp-json\/wp\/v2\/media\/28189"}],"wp:attachment":[{"href":"https:\/\/www.almargenweb.com.ar\/web\/wp-json\/wp\/v2\/media?parent=28188"}],"wp:term":[{"taxonomy":"category","embeddable":true,"href":"https:\/\/www.almargenweb.com.ar\/web\/wp-json\/wp\/v2\/categories?post=28188"},{"taxonomy":"post_tag","embeddable":true,"href":"https:\/\/www.almargenweb.com.ar\/web\/wp-json\/wp\/v2\/tags?post=28188"}],"curies":[{"name":"wp","href":"https:\/\/api.w.org\/{rel}","templated":true}]}}