{"id":28182,"date":"2018-11-07T11:38:22","date_gmt":"2018-11-07T14:38:22","guid":{"rendered":"http:\/\/www.almargenweb.com.ar\/web\/?p=28182"},"modified":"2018-11-07T11:38:22","modified_gmt":"2018-11-07T14:38:22","slug":"rodrigo-muller-trabajando-en-conjunto-se-logran-grandes-cosas","status":"publish","type":"post","link":"https:\/\/www.almargenweb.com.ar\/web\/rodrigo-muller-trabajando-en-conjunto-se-logran-grandes-cosas\/","title":{"rendered":"Rodrigo M\u00fcller: TRABAJANDO EN CONJUNTO SE LOGRAN GRANDES COSAS"},"content":{"rendered":"<h3 lang=\"es-AR\" style=\"text-align: left;\" align=\"center\"><span style=\"font-family: Times New Roman, serif;\"><span style=\"font-size: medium;\"><span style=\"color: #212121;\"><span style=\"font-family: Segoe UI, serif;\"><b>DICTARON CURSO SOBRE HIGIENE Y SEGURIDAD LABORAL<\/b><\/span><\/span><\/span><\/span><\/h3>\n<p lang=\"es-AR\"><span style=\"font-family: Times New Roman, serif;\"><span style=\"font-size: medium;\"><span style=\"color: #212121;\"><span style=\"font-family: Segoe UI, serif;\">En la sede de APM (Asociaci\u00f3n del Personal Municipal) se realiz\u00f3 un curso dictado por el ingeniero Luis Vaschuk, especialista en Higiene y Seguridad en el Trabajo, especializado en Ergonom\u00eda y ex inspector de la Superintendencia de Riesgos del Trabajo.<\/span><\/span><\/span><\/span><\/p>\n<p lang=\"es-AR\"><span style=\"font-family: Times New Roman, serif;\"><span style=\"font-size: medium;\"><br \/>\n<span style=\"color: #212121;\"><span style=\"font-family: Segoe UI, serif;\">El disertante fue presentado por el Dr. Rodrigo M\u00fcller, quien gestion\u00f3 la actividad con el Ministerio de Trabajo de la provincia, y el Lic. Ra\u00fal Ochoa y G\u00f3mez, subsecretario de la cartera laboral.<\/span><\/span><br \/>\n<span style=\"color: #212121;\"><span style=\"font-family: Segoe UI, serif;\">La actividad, en la que estuvo presente el secretario general de APM, Dar\u00edo De Mar\u00eda, fue orientada a formar a delegados gremiales que est\u00e1n vinculados a tareas no administrativas .<\/span><\/span><br \/>\n<span style=\"color: #212121;\"><span style=\"font-family: Segoe UI, serif;\">Se explicaron aspectos te\u00f3ricos y pr\u00e1cticos sobre Ley de Higiene y Seguridad, Ley de ART y Ley de Comit\u00e9 Mixto de Higiene y Seguridad.<\/span><\/span><br \/>\n<\/span><\/span><\/p>\n<p lang=\"es-AR\"><span style=\"font-family: Times New Roman, serif;\"><span style=\"font-size: medium;\"><span style=\"color: #212121;\"><span style=\"font-family: Segoe UI, serif;\">Esta iniciativa de formaci\u00f3n y capacitaci\u00f3n se inscribe en las acciones del Ministerio de Trabajo y el Gobierno de la Provincia que promueven el Trabajo Decente.<\/span><\/span><\/span><\/span><\/p>\n<p lang=\"es-AR\"><img loading=\"lazy\" decoding=\"async\" class=\"aligncenter wp-image-28185 size-full\" src=\"https:\/\/www.almargenweb.com.ar\/web\/wp-content\/uploads\/2018\/11\/WhatsApp-Image-2018-11-05-at-11.51.31-PM.jpeg\" alt=\"\" width=\"774\" height=\"745\" srcset=\"https:\/\/www.almargenweb.com.ar\/web\/wp-content\/uploads\/2018\/11\/WhatsApp-Image-2018-11-05-at-11.51.31-PM.jpeg 774w, https:\/\/www.almargenweb.com.ar\/web\/wp-content\/uploads\/2018\/11\/WhatsApp-Image-2018-11-05-at-11.51.31-PM-300x289.jpeg 300w, https:\/\/www.almargenweb.com.ar\/web\/wp-content\/uploads\/2018\/11\/WhatsApp-Image-2018-11-05-at-11.51.31-PM-768x739.jpeg 768w\" sizes=\"auto, (max-width: 774px) 100vw, 774px\" \/><\/p>\n<p lang=\"es-AR\"><img loading=\"lazy\" decoding=\"async\" class=\"aligncenter wp-image-28186 size-full\" src=\"https:\/\/www.almargenweb.com.ar\/web\/wp-content\/uploads\/2018\/11\/29352148_2035432543362927_9027642029397880898_o.jpg\" alt=\"\" width=\"1200\" height=\"675\" srcset=\"https:\/\/www.almargenweb.com.ar\/web\/wp-content\/uploads\/2018\/11\/29352148_2035432543362927_9027642029397880898_o.jpg 1200w, https:\/\/www.almargenweb.com.ar\/web\/wp-content\/uploads\/2018\/11\/29352148_2035432543362927_9027642029397880898_o-300x169.jpg 300w, https:\/\/www.almargenweb.com.ar\/web\/wp-content\/uploads\/2018\/11\/29352148_2035432543362927_9027642029397880898_o-768x432.jpg 768w, https:\/\/www.almargenweb.com.ar\/web\/wp-content\/uploads\/2018\/11\/29352148_2035432543362927_9027642029397880898_o-1024x576.jpg 1024w\" sizes=\"auto, (max-width: 1200px) 100vw, 1200px\" \/><\/p>\n<!-- AddThis Advanced Settings generic via filter on the_content --><!-- AddThis Share Buttons generic via filter on the_content -->","protected":false},"excerpt":{"rendered":"<p>DICTARON CURSO SOBRE HIGIENE Y SEGURIDAD LABORAL En la sede de APM (Asociaci\u00f3n del Personal Municipal) [&hellip;]<!-- AddThis Advanced Settings generic via filter on get_the_excerpt --><!-- AddThis Share Buttons generic via filter on get_the_excerpt --><\/p>\n","protected":false},"author":13,"featured_media":28183,"comment_status":"open","ping_status":"open","sticky":false,"template":"","format":"standard","meta":{"_seopress_robots_primary_cat":"","_seopress_titles_title":"","_seopress_titles_desc":"","_seopress_robots_index":"","_themeisle_gutenberg_block_has_review":false,"footnotes":""},"categories":[47],"tags":[],"class_list":["post-28182","post","type-post","status-publish","format-standard","has-post-thumbnail","hentry","category-locales"],"_links":{"self":[{"href":"https:\/\/www.almargenweb.com.ar\/web\/wp-json\/wp\/v2\/posts\/28182","targetHints":{"allow":["GET"]}}],"collection":[{"href":"https:\/\/www.almargenweb.com.ar\/web\/wp-json\/wp\/v2\/posts"}],"about":[{"href":"https:\/\/www.almargenweb.com.ar\/web\/wp-json\/wp\/v2\/types\/post"}],"author":[{"embeddable":true,"href":"https:\/\/www.almargenweb.com.ar\/web\/wp-json\/wp\/v2\/users\/13"}],"replies":[{"embeddable":true,"href":"https:\/\/www.almargenweb.com.ar\/web\/wp-json\/wp\/v2\/comments?post=28182"}],"version-history":[{"count":2,"href":"https:\/\/www.almargenweb.com.ar\/web\/wp-json\/wp\/v2\/posts\/28182\/revisions"}],"predecessor-version":[{"id":28187,"href":"https:\/\/www.almargenweb.com.ar\/web\/wp-json\/wp\/v2\/posts\/28182\/revisions\/28187"}],"wp:featuredmedia":[{"embeddable":true,"href":"https:\/\/www.almargenweb.com.ar\/web\/wp-json\/wp\/v2\/media\/28183"}],"wp:attachment":[{"href":"https:\/\/www.almargenweb.com.ar\/web\/wp-json\/wp\/v2\/media?parent=28182"}],"wp:term":[{"taxonomy":"category","embeddable":true,"href":"https:\/\/www.almargenweb.com.ar\/web\/wp-json\/wp\/v2\/categories?post=28182"},{"taxonomy":"post_tag","embeddable":true,"href":"https:\/\/www.almargenweb.com.ar\/web\/wp-json\/wp\/v2\/tags?post=28182"}],"curies":[{"name":"wp","href":"https:\/\/api.w.org\/{rel}","templated":true}]}}