{"id":28144,"date":"2018-11-01T10:47:22","date_gmt":"2018-11-01T13:47:22","guid":{"rendered":"http:\/\/www.almargenweb.com.ar\/web\/?p=28144"},"modified":"2018-11-01T10:48:15","modified_gmt":"2018-11-01T13:48:15","slug":"entrega-de-certificados-en-la-asociacion-para-el-desarrollo","status":"publish","type":"post","link":"https:\/\/www.almargenweb.com.ar\/web\/entrega-de-certificados-en-la-asociacion-para-el-desarrollo\/","title":{"rendered":"ENTREGA DE CERTIFICADOS EN LA ASOCIACI\u00d3N PARA EL DESARROLLO"},"content":{"rendered":"<h3 style=\"text-align: left;\" align=\"center\"><span style=\"font-family: Segoe UI, sans-serif;\"><span style=\"font-size: medium;\"><i>Nos pone contentos dar oportunidades de capacitaci\u00f3n gratuita a numerosas personas\u201d manifest\u00f3 el Dr. Rodrigo M\u00fcller.<\/i><\/span><\/span><\/h3>\n<p align=\"justify\"><span style=\"font-family: Times New Roman, serif;\"><span style=\"font-size: medium;\"><span style=\"font-family: Segoe UI, sans-serif;\">En el marco de los cursos de Asistente No Terap\u00e9utico y RCP que se dictaron en la Asociaci\u00f3n para el Desarrollo de Las Colonias, se realiz\u00f3 la entrega de certificados a los 23 graduados que finalizaron la actividad de capacitaci\u00f3n. En esta oportunidad se entregaron los certificados de RCP y primeros auxilios, de la entrega participaron el Gerente de la Asociaci\u00f3n para el Desarrollo Dr. Rodrigo M\u00fcller, Docentes que tuvieron a cargo el curso y el coordinador del curso Luis Bailin. <\/span><\/span><\/span><\/p>\n<p align=\"justify\"><span style=\"font-family: Segoe UI, sans-serif;\"><span style=\"font-size: medium;\">Se cumpli\u00f3 durante ocho s\u00e1bados de cuatro horas cada d\u00eda y estuvo organizado en m\u00f3dulos que abordaron: Introducci\u00f3n a la Gerontologia, Marco Legal, Biolog\u00eda del Envejecimiento, Enfermedades del Anciano, Autonom\u00eda, Accesibilidad, Entorno, Primeros Auxilios, Bioseguridad y Nutrici\u00f3n<\/span><\/span><\/p>\n<p align=\"justify\"><span style=\"font-family: Segoe UI, sans-serif;\"><span style=\"font-size: medium;\">El curso fue producto de un convenio entre el Ministerio de Desarrollo Social y la Asociaci\u00f3n para el Desarrollo, impulsado por el vicegobernador de la provincia, Carlos Fascendini.<\/span><\/span><\/p>\n<p align=\"justify\"><span style=\"font-family: Segoe UI, sans-serif; font-size: medium;\">Cada asistente recibir\u00e1\u00a0el certificado emitido por la Provincia del Curso de Asistente No Terap\u00e9utico y otro certificado otorgado por la Asociaci\u00f3n para el Desarrollo respecto de la capacitaci\u00f3n en RCP y Primeros Auxilios.<\/span><\/p>\n<p align=\"justify\"><img loading=\"lazy\" decoding=\"async\" class=\"aligncenter wp-image-28146 size-large\" src=\"https:\/\/www.almargenweb.com.ar\/web\/wp-content\/uploads\/2018\/11\/Curso-Asistente-1024x768.jpeg\" alt=\"\" width=\"640\" height=\"480\" srcset=\"https:\/\/www.almargenweb.com.ar\/web\/wp-content\/uploads\/2018\/11\/Curso-Asistente-1024x768.jpeg 1024w, https:\/\/www.almargenweb.com.ar\/web\/wp-content\/uploads\/2018\/11\/Curso-Asistente-300x225.jpeg 300w, https:\/\/www.almargenweb.com.ar\/web\/wp-content\/uploads\/2018\/11\/Curso-Asistente-768x576.jpeg 768w, https:\/\/www.almargenweb.com.ar\/web\/wp-content\/uploads\/2018\/11\/Curso-Asistente.jpeg 1200w\" sizes=\"auto, (max-width: 640px) 100vw, 640px\" \/><\/p>\n<p align=\"justify\"><img loading=\"lazy\" decoding=\"async\" class=\"aligncenter wp-image-28147 size-large\" src=\"https:\/\/www.almargenweb.com.ar\/web\/wp-content\/uploads\/2018\/11\/Entrega-Certificados-1024x576.jpeg\" alt=\"\" width=\"640\" height=\"360\" srcset=\"https:\/\/www.almargenweb.com.ar\/web\/wp-content\/uploads\/2018\/11\/Entrega-Certificados-1024x576.jpeg 1024w, https:\/\/www.almargenweb.com.ar\/web\/wp-content\/uploads\/2018\/11\/Entrega-Certificados-300x169.jpeg 300w, https:\/\/www.almargenweb.com.ar\/web\/wp-content\/uploads\/2018\/11\/Entrega-Certificados-768x432.jpeg 768w, https:\/\/www.almargenweb.com.ar\/web\/wp-content\/uploads\/2018\/11\/Entrega-Certificados.jpeg 1200w\" sizes=\"auto, (max-width: 640px) 100vw, 640px\" \/><\/p>\n<!-- AddThis Advanced Settings generic via filter on the_content --><!-- AddThis Share Buttons generic via filter on the_content -->","protected":false},"excerpt":{"rendered":"<p>Nos pone contentos dar oportunidades de capacitaci\u00f3n gratuita a numerosas personas\u201d manifest\u00f3 el Dr. Rodrigo M\u00fcller. [&hellip;]<!-- AddThis Advanced Settings generic via filter on get_the_excerpt --><!-- AddThis Share Buttons generic via filter on get_the_excerpt --><\/p>\n","protected":false},"author":13,"featured_media":28145,"comment_status":"open","ping_status":"open","sticky":false,"template":"","format":"standard","meta":{"_seopress_robots_primary_cat":"","_seopress_titles_title":"","_seopress_titles_desc":"","_seopress_robots_index":"","_themeisle_gutenberg_block_has_review":false,"footnotes":""},"categories":[47],"tags":[],"class_list":["post-28144","post","type-post","status-publish","format-standard","has-post-thumbnail","hentry","category-locales"],"_links":{"self":[{"href":"https:\/\/www.almargenweb.com.ar\/web\/wp-json\/wp\/v2\/posts\/28144","targetHints":{"allow":["GET"]}}],"collection":[{"href":"https:\/\/www.almargenweb.com.ar\/web\/wp-json\/wp\/v2\/posts"}],"about":[{"href":"https:\/\/www.almargenweb.com.ar\/web\/wp-json\/wp\/v2\/types\/post"}],"author":[{"embeddable":true,"href":"https:\/\/www.almargenweb.com.ar\/web\/wp-json\/wp\/v2\/users\/13"}],"replies":[{"embeddable":true,"href":"https:\/\/www.almargenweb.com.ar\/web\/wp-json\/wp\/v2\/comments?post=28144"}],"version-history":[{"count":1,"href":"https:\/\/www.almargenweb.com.ar\/web\/wp-json\/wp\/v2\/posts\/28144\/revisions"}],"predecessor-version":[{"id":28148,"href":"https:\/\/www.almargenweb.com.ar\/web\/wp-json\/wp\/v2\/posts\/28144\/revisions\/28148"}],"wp:featuredmedia":[{"embeddable":true,"href":"https:\/\/www.almargenweb.com.ar\/web\/wp-json\/wp\/v2\/media\/28145"}],"wp:attachment":[{"href":"https:\/\/www.almargenweb.com.ar\/web\/wp-json\/wp\/v2\/media?parent=28144"}],"wp:term":[{"taxonomy":"category","embeddable":true,"href":"https:\/\/www.almargenweb.com.ar\/web\/wp-json\/wp\/v2\/categories?post=28144"},{"taxonomy":"post_tag","embeddable":true,"href":"https:\/\/www.almargenweb.com.ar\/web\/wp-json\/wp\/v2\/tags?post=28144"}],"curies":[{"name":"wp","href":"https:\/\/api.w.org\/{rel}","templated":true}]}}