{"id":28141,"date":"2018-11-01T10:41:51","date_gmt":"2018-11-01T13:41:51","guid":{"rendered":"http:\/\/www.almargenweb.com.ar\/web\/?p=28141"},"modified":"2018-11-01T10:42:24","modified_gmt":"2018-11-01T13:42:24","slug":"fascendini-presidio-la-presentacion-de-la-copa-santa-fe-de-basquet","status":"publish","type":"post","link":"https:\/\/www.almargenweb.com.ar\/web\/fascendini-presidio-la-presentacion-de-la-copa-santa-fe-de-basquet\/","title":{"rendered":"FASCENDINI PRESIDI\u00d3 LA PRESENTACI\u00d3N DE LA &#8220;COPA SANTA FE&#8221; DE B\u00c1SQUET"},"content":{"rendered":"<p dir=\"ltr\">En el Sal\u00f3n Blanco de Casa de Gobierno, el vicegobernador de la provincia, Carlos Fascendini, presidi\u00f3 el acto de presentaci\u00f3n de la edici\u00f3n 2018\/2019 de la Copa Santa Fe de B\u00e1squet.<\/p>\n<p dir=\"ltr\">Con la organizaci\u00f3n de la Federaci\u00f3n de B\u00e1squetbol de la Provincia intervienen 28 equipos de siete asociaciones.<\/p>\n<p dir=\"ltr\">Estuvieron presentes autoridades\u00a0 federativas, dirigentes de las asociaciones y representantes de las instituciones.<\/p>\n<p dir=\"ltr\">Un basquetbolista de cada uno de los clubes participantes con su camiseta dieron marco al acto.<\/p>\n<p dir=\"ltr\">Fascendini dio la bienvenida en nombre del Gobierno de la Provincia que apoya y auspicia, a trav\u00e9s de Loter\u00eda de Santa Fe, la concreci\u00f3n de esta nueva edici\u00f3n del tradicional torneo que convoca a todas las asociaciones de la disciplina.<\/p>\n<p dir=\"ltr\">Fascendini transmiti\u00f3 el saludo del gobernador Lifschitz y destac\u00f3 que &#8220;en esta provincia extensa el deporte adquiere relevancia porque permite integrar de norte a sur a clubes y jugadores como lo hacemos en salud, educaci\u00f3n y obras p\u00fablicas para dar igualdad de oportunidades a todos los santafesinos&#8221;<\/p>\n<p dir=\"ltr\">Valor\u00f3 el auge que tiene &#8220;el b\u00e1squet de la provincia desde hace d\u00e9cadas alcanzando los primeros lugares en los campeonatos argentinos&#8221;<\/p>\n<p dir=\"ltr\">Agreg\u00f3 que &#8220;es prioridad de nuestro gobierno fomentar el deporte, que cada vez m\u00e1s ni\u00f1os y j\u00f3venes practiquen, porque la inclusi\u00f3n ayuda a evitar problemas sociales&#8221;<\/p>\n<!-- AddThis Advanced Settings generic via filter on the_content --><!-- AddThis Share Buttons generic via filter on the_content -->","protected":false},"excerpt":{"rendered":"<p>En el Sal\u00f3n Blanco de Casa de Gobierno, el vicegobernador de la provincia, Carlos Fascendini, presidi\u00f3 [&hellip;]<!-- AddThis Advanced Settings generic via filter on get_the_excerpt --><!-- AddThis Share Buttons generic via filter on get_the_excerpt --><\/p>\n","protected":false},"author":13,"featured_media":28142,"comment_status":"open","ping_status":"open","sticky":false,"template":"","format":"standard","meta":{"_seopress_robots_primary_cat":"","_seopress_titles_title":"","_seopress_titles_desc":"","_seopress_robots_index":"","_themeisle_gutenberg_block_has_review":false,"footnotes":""},"categories":[1],"tags":[],"class_list":["post-28141","post","type-post","status-publish","format-standard","has-post-thumbnail","hentry","category-sin-categoria"],"_links":{"self":[{"href":"https:\/\/www.almargenweb.com.ar\/web\/wp-json\/wp\/v2\/posts\/28141","targetHints":{"allow":["GET"]}}],"collection":[{"href":"https:\/\/www.almargenweb.com.ar\/web\/wp-json\/wp\/v2\/posts"}],"about":[{"href":"https:\/\/www.almargenweb.com.ar\/web\/wp-json\/wp\/v2\/types\/post"}],"author":[{"embeddable":true,"href":"https:\/\/www.almargenweb.com.ar\/web\/wp-json\/wp\/v2\/users\/13"}],"replies":[{"embeddable":true,"href":"https:\/\/www.almargenweb.com.ar\/web\/wp-json\/wp\/v2\/comments?post=28141"}],"version-history":[{"count":1,"href":"https:\/\/www.almargenweb.com.ar\/web\/wp-json\/wp\/v2\/posts\/28141\/revisions"}],"predecessor-version":[{"id":28143,"href":"https:\/\/www.almargenweb.com.ar\/web\/wp-json\/wp\/v2\/posts\/28141\/revisions\/28143"}],"wp:featuredmedia":[{"embeddable":true,"href":"https:\/\/www.almargenweb.com.ar\/web\/wp-json\/wp\/v2\/media\/28142"}],"wp:attachment":[{"href":"https:\/\/www.almargenweb.com.ar\/web\/wp-json\/wp\/v2\/media?parent=28141"}],"wp:term":[{"taxonomy":"category","embeddable":true,"href":"https:\/\/www.almargenweb.com.ar\/web\/wp-json\/wp\/v2\/categories?post=28141"},{"taxonomy":"post_tag","embeddable":true,"href":"https:\/\/www.almargenweb.com.ar\/web\/wp-json\/wp\/v2\/tags?post=28141"}],"curies":[{"name":"wp","href":"https:\/\/api.w.org\/{rel}","templated":true}]}}