{"id":27979,"date":"2018-10-16T14:51:51","date_gmt":"2018-10-16T17:51:51","guid":{"rendered":"http:\/\/www.almargenweb.com.ar\/web\/?p=27979"},"modified":"2018-10-16T14:51:51","modified_gmt":"2018-10-16T17:51:51","slug":"el-padre-axel-arguinchona-ya-no-estara-en-esperanza-en-noviembre-estare-en-la-parroquia-san-agustin","status":"publish","type":"post","link":"https:\/\/www.almargenweb.com.ar\/web\/el-padre-axel-arguinchona-ya-no-estara-en-esperanza-en-noviembre-estare-en-la-parroquia-san-agustin\/","title":{"rendered":"El Padre Axel Arguinchona ya no estar\u00e1 en Esperanza. \u201cEn noviembre estar\u00e9 en la parroquia San Agust\u00edn\u201d"},"content":{"rendered":"<h3 class=\"td-post-sub-title\">Lo dijo el querido Padre Axel por Cadena Oh!. El religioso vuelve a Santa Fe para estar al frente de la parroquia del barrio San Agust\u00edn. Hab\u00eda sido trasladado a Esperanza en marzo del 2015.<\/h3>\n<p>\u201cSi Dios quiere el mes de noviembre estar\u00e9 en Santa Fe\u201d dijo. El obispo, Sergio Fenoy, se lo hab\u00eda comunicado hace un tiempo y ahora ya tiene fecha precisa la vuelta de Axel Arguinchona a Santa Fe<\/p>\n<p>El regreso de Arguinchona ser\u00e1 a un barrio necesitado de Santa Fe, y el sacerdote dijo que lo tom\u00f3 \u201ccomo un regalo de Dios porque siempre quise estar ah\u00ed.\u201d Arguinchona agradeci\u00f3 los tres a\u00f1os y medio \u201chermos\u00edsimos\u201d que pas\u00f3 en Esperanza donde \u201cme recibieron con los brazos abiertos, me acompa\u00f1aron, incluso desde otras confesiones; me hicieron sentir como en casa\u201d.<\/p>\n<p>\u201cLa situaci\u00f3n del pa\u00eds es muy dif\u00edcil para todos, pero saben ustedes que los pobres siempre son los que m\u00e1s sufren\u201d, dijo el Padre Axel y agreg\u00f3: \u201cla realidad es muy preocupante, porque la calidad de vida de la gente en los barrios se ha disminuido mucho. No solo en el tema prioritario como es el alimento, no solo en cantidad sino en calidad\u201d.<\/p>\n<p>Arguinchona tambi\u00e9n reconoci\u00f3 la labor realizada por el p\u00e1rroco Luis Maria Tomatis en San Agust\u00edn<\/p>\n<p>&nbsp;<\/p>\n<p>&nbsp;<\/p>\n<p>&nbsp;<\/p>\n<p>&nbsp;<\/p>\n<p>&nbsp;<\/p>\n<p>Fuente: Sin Mordaza<\/p>\n<div class=\"td-module-meta-info\"><\/div>\n<!-- AddThis Advanced Settings generic via filter on the_content --><!-- AddThis Share Buttons generic via filter on the_content -->","protected":false},"excerpt":{"rendered":"<p>Lo dijo el querido Padre Axel por Cadena Oh!. El religioso vuelve a Santa Fe para [&hellip;]<!-- AddThis Advanced Settings generic via filter on get_the_excerpt --><!-- AddThis Share Buttons generic via filter on get_the_excerpt --><\/p>\n","protected":false},"author":13,"featured_media":27981,"comment_status":"open","ping_status":"open","sticky":false,"template":"","format":"standard","meta":{"_seopress_robots_primary_cat":"","_seopress_titles_title":"","_seopress_titles_desc":"","_seopress_robots_index":"","_themeisle_gutenberg_block_has_review":false,"footnotes":""},"categories":[47],"tags":[],"class_list":["post-27979","post","type-post","status-publish","format-standard","has-post-thumbnail","hentry","category-locales"],"_links":{"self":[{"href":"https:\/\/www.almargenweb.com.ar\/web\/wp-json\/wp\/v2\/posts\/27979","targetHints":{"allow":["GET"]}}],"collection":[{"href":"https:\/\/www.almargenweb.com.ar\/web\/wp-json\/wp\/v2\/posts"}],"about":[{"href":"https:\/\/www.almargenweb.com.ar\/web\/wp-json\/wp\/v2\/types\/post"}],"author":[{"embeddable":true,"href":"https:\/\/www.almargenweb.com.ar\/web\/wp-json\/wp\/v2\/users\/13"}],"replies":[{"embeddable":true,"href":"https:\/\/www.almargenweb.com.ar\/web\/wp-json\/wp\/v2\/comments?post=27979"}],"version-history":[{"count":1,"href":"https:\/\/www.almargenweb.com.ar\/web\/wp-json\/wp\/v2\/posts\/27979\/revisions"}],"predecessor-version":[{"id":27980,"href":"https:\/\/www.almargenweb.com.ar\/web\/wp-json\/wp\/v2\/posts\/27979\/revisions\/27980"}],"wp:featuredmedia":[{"embeddable":true,"href":"https:\/\/www.almargenweb.com.ar\/web\/wp-json\/wp\/v2\/media\/27981"}],"wp:attachment":[{"href":"https:\/\/www.almargenweb.com.ar\/web\/wp-json\/wp\/v2\/media?parent=27979"}],"wp:term":[{"taxonomy":"category","embeddable":true,"href":"https:\/\/www.almargenweb.com.ar\/web\/wp-json\/wp\/v2\/categories?post=27979"},{"taxonomy":"post_tag","embeddable":true,"href":"https:\/\/www.almargenweb.com.ar\/web\/wp-json\/wp\/v2\/tags?post=27979"}],"curies":[{"name":"wp","href":"https:\/\/api.w.org\/{rel}","templated":true}]}}