{"id":27945,"date":"2018-10-11T09:51:30","date_gmt":"2018-10-11T12:51:30","guid":{"rendered":"http:\/\/www.almargenweb.com.ar\/web\/?p=27945"},"modified":"2018-10-11T09:51:30","modified_gmt":"2018-10-11T12:51:30","slug":"el-ministro-de-trabajo-provincial-recorrio-la-ciudad-con-cammisi","status":"publish","type":"post","link":"https:\/\/www.almargenweb.com.ar\/web\/el-ministro-de-trabajo-provincial-recorrio-la-ciudad-con-cammisi\/","title":{"rendered":"El ministro de Trabajo provincial recorri\u00f3 la ciudad con Cammisi"},"content":{"rendered":"<p>Cristian Cammisi, coordinador del \u00c1rea Metropolitana del Gran Santa Fe, y el ministro del Trabajo de la provincia, Julio<span id=\"more-31849\"><\/span>\u00a0Genesini, recorrieron diversos lugares de Esperanza y opinaron sobre la situaci\u00f3n del pa\u00eds y el impacto en la actividad econ\u00f3mica.<\/p>\n<p>En ese sentido, Cammisi expres\u00f3 que las empresas atraviesan momentos dif\u00edciles, por lo cual resalt\u00f3 la intervenci\u00f3n de la provincia ante el panorama poco alentador. \u201cEn esto es importante que el Estado participe trabajando con los sindicatos y los empresarios para evitar mayores males\u201d, asever\u00f3.<\/p>\n<p>Se\u00f1al\u00f3 que en esta ciudad el impacto a\u00fan no se percibe tanto y destac\u00f3 que \u201cel ministro hace una tarea que no se ve pero recorre cada pueblo y localidad de Santa Fe y est\u00e1 al lado de la gente enfrentando los problemas\u201d.<\/p>\n<p>En este contexto Genesini advirti\u00f3 que \u201cla provincia ven\u00eda con un primer trimestre que era el que sosten\u00eda la actividad de 2017, con un crecimiento inclusive del empleo registrado, pero es cierto que a partir de fines de abril y principios de mayo se reconfigur\u00f3 un nuevo escenario econ\u00f3mico a la luz de la devaluaci\u00f3n, de la corrida cambiaria, de las altas tasas de intereses, del ajuste y hubo una situaci\u00f3n de retracci\u00f3n de la demanda, de altos costos, de un rebote inflacionario importante que evidentemente cambi\u00f3 todo y comenz\u00f3 a afectar a distintos sectores\u201d.<\/p>\n<p>&nbsp;<\/p>\n<p><strong>Industrias<\/strong><\/p>\n<p>El ministro dijo algunas empresas \u201cven\u00edan con problemas y empezaron a tener tasas negativas, lo que se denomina el efecto goteo, uno o dos despedidos, y tambi\u00e9n por ah\u00ed ciertas empresas que cierran.<\/p>\n<p>Luego tenemos situaciones con firmas m\u00e1s grandes, ah\u00ed se encaran las soluciones de distintas formas, fundamentalmente se est\u00e1n canalizando procedimientos de crisis v\u00eda suspensiones, las empresas van buscando alternativas en conjunto con sindicatos y el ministerio para transitar esta etapa recesiva y ver c\u00f3mo evoluciona en definitiva la econom\u00eda\u201d.<\/p>\n<p>Cabe destacar que el ministro revel\u00f3 que los sectores que est\u00e1n m\u00e1s comprometidos son los de producci\u00f3n de bienes de duraci\u00f3n intermedia, es decir, aquellos cuyos valores se relacionan con l\u00edneas blancas, electrodom\u00e9sticos, calzado e indumentaria.<\/p>\n<p>As\u00ed como tambi\u00e9n incluy\u00f3 a la industria aceitera, sin embargo el riesgo de este sector se debe por lo general a la sequ\u00eda que padece la regi\u00f3n.<\/p>\n<p>En cuanto a la industria carrocera, manifest\u00f3 que vive un periodo complicado a consecuencia de la falta de cr\u00e9ditos. \u201cCambiar un colectivo exige una cantidad de dinero importante que finalmente se financia con un cr\u00e9dito y se va pagando en funci\u00f3n de lo que produce, estas cosas est\u00e1n impactadas\u201d, manifest\u00f3.<\/p>\n<p>&nbsp;<\/p>\n<p><strong>Alternativas<\/strong><\/p>\n<p>En este sentido mencion\u00f3 que \u201cestamos en un pa\u00eds en el cual se prioriza la confrontaci\u00f3n, la discusi\u00f3n, nosotros en cambio tratamos de generar los consensos.<\/p>\n<p>En el Ministerio del Trabajo estamos constantemente buscando instancias de di\u00e1logo tripartito, entre empleadores, sindicatos y Estado, tratando de abordar las situaciones particulares de los distintos sectores. Cuando hay situaciones de crisis, con todo el despliegue legal, tratamos de hallar soluciones.<\/p>\n<p>\u201cHay que destacar el rol del Estado provincial, el gobierno ha sostenido un programa de infraestructura de obra p\u00fablica muy importante, el grueso de la obra p\u00fablica que se hace en Santa Fe genera puestos de trabajo\u201d, sentenci\u00f3.<\/p>\n<!-- AddThis Advanced Settings generic via filter on the_content --><!-- AddThis Share Buttons generic via filter on the_content -->","protected":false},"excerpt":{"rendered":"<p>Cristian Cammisi, coordinador del \u00c1rea Metropolitana del Gran Santa Fe, y el ministro del Trabajo de [&hellip;]<!-- AddThis Advanced Settings generic via filter on get_the_excerpt --><!-- AddThis Share Buttons generic via filter on get_the_excerpt --><\/p>\n","protected":false},"author":13,"featured_media":27946,"comment_status":"open","ping_status":"open","sticky":false,"template":"","format":"standard","meta":{"_seopress_robots_primary_cat":"","_seopress_titles_title":"","_seopress_titles_desc":"","_seopress_robots_index":"","_themeisle_gutenberg_block_has_review":false,"footnotes":""},"categories":[47],"tags":[],"class_list":["post-27945","post","type-post","status-publish","format-standard","has-post-thumbnail","hentry","category-locales"],"_links":{"self":[{"href":"https:\/\/www.almargenweb.com.ar\/web\/wp-json\/wp\/v2\/posts\/27945","targetHints":{"allow":["GET"]}}],"collection":[{"href":"https:\/\/www.almargenweb.com.ar\/web\/wp-json\/wp\/v2\/posts"}],"about":[{"href":"https:\/\/www.almargenweb.com.ar\/web\/wp-json\/wp\/v2\/types\/post"}],"author":[{"embeddable":true,"href":"https:\/\/www.almargenweb.com.ar\/web\/wp-json\/wp\/v2\/users\/13"}],"replies":[{"embeddable":true,"href":"https:\/\/www.almargenweb.com.ar\/web\/wp-json\/wp\/v2\/comments?post=27945"}],"version-history":[{"count":1,"href":"https:\/\/www.almargenweb.com.ar\/web\/wp-json\/wp\/v2\/posts\/27945\/revisions"}],"predecessor-version":[{"id":27947,"href":"https:\/\/www.almargenweb.com.ar\/web\/wp-json\/wp\/v2\/posts\/27945\/revisions\/27947"}],"wp:featuredmedia":[{"embeddable":true,"href":"https:\/\/www.almargenweb.com.ar\/web\/wp-json\/wp\/v2\/media\/27946"}],"wp:attachment":[{"href":"https:\/\/www.almargenweb.com.ar\/web\/wp-json\/wp\/v2\/media?parent=27945"}],"wp:term":[{"taxonomy":"category","embeddable":true,"href":"https:\/\/www.almargenweb.com.ar\/web\/wp-json\/wp\/v2\/categories?post=27945"},{"taxonomy":"post_tag","embeddable":true,"href":"https:\/\/www.almargenweb.com.ar\/web\/wp-json\/wp\/v2\/tags?post=27945"}],"curies":[{"name":"wp","href":"https:\/\/api.w.org\/{rel}","templated":true}]}}