{"id":27873,"date":"2018-10-08T10:02:32","date_gmt":"2018-10-08T13:02:32","guid":{"rendered":"http:\/\/www.almargenweb.com.ar\/web\/?p=27873"},"modified":"2018-10-08T10:02:32","modified_gmt":"2018-10-08T13:02:32","slug":"fascendini-presidio-la-inauguracion-de-la-15-edicion-de-fecol","status":"publish","type":"post","link":"https:\/\/www.almargenweb.com.ar\/web\/fascendini-presidio-la-inauguracion-de-la-15-edicion-de-fecol\/","title":{"rendered":"FASCENDINI PRESIDI\u00d3 LA INAUGURACI\u00d3N DE LA 15\u00b0 EDICI\u00d3N DE FECOL"},"content":{"rendered":"<div dir=\"ltr\">\n<p dir=\"ltr\">El vicegobernador de la provincia, Carlos Fascendini, presidi\u00f3 en el predio ferial del Cicae de Esperanza la 15\u00b0 edici\u00f3n de la Feria de Las Colonias.<\/p>\n<p dir=\"ltr\">En su alocuci\u00f3n rememor\u00f3 la creaci\u00f3n de la muestra &#8220;que hoy tiene una marca propia y es producto del esfuerzo de nuestros empresarios totalmente vinculado al sector productivo y comprometido con el desarrollo de la provincia&#8221;<\/p>\n<p dir=\"ltr\">&#8220;En medio de muchas dificultades econ\u00f3micas, sociales y pol\u00edticas, no es la primera vez que siguieron adelante y eso los hace herederos dignos de aquellos inmigrantes que fundaron Esperanza. No se amilanaron y cada dos a\u00f1os contin\u00faan ofreciendo est\u00e1 muestra con incorporaci\u00f3n de valor agregado, conocimiento en innovaci\u00f3n&#8221;<\/p>\n<p dir=\"ltr\">A continuaci\u00f3n Fascendini destac\u00f3 las pol\u00edticas de Estado que lleva adelante nuestro gobierno &#8220;que se asientan en dos pilares: educaci\u00f3n y salud para poder lograr inclusi\u00f3n y una verdades igualdad de oportunidades. Que nuestros j\u00f3venes puedan discernir&#8221;<\/p>\n<p dir=\"ltr\">En tal sentido se\u00f1al\u00f3 los logros en educaci\u00f3n con miles de titularizaciones de docentes. &#8220;En todo el territorio hemos construido m\u00e1s de 200 escuelas, refaccionado edificios, creamos Institutos de Profesorado con incorporaci\u00f3n de tecnolog\u00eda, tecnicaturas con pr\u00e1cticas profesionalizantes para que nuestros j\u00f3venes conozcan la realidad del mundo del trabajo&#8221;<\/p>\n<p dir=\"ltr\">En materia de salud, Fascendini resalt\u00f3 la construcci\u00f3n de grandes hospitales en los cinco nodos de la provincia.<\/p>\n<p dir=\"ltr\">&#8220;Como lo destaca siempre el gobernador Lifschitz la soluci\u00f3n a los problemas que plantea la crisis econ\u00f3mica los enfrentamos con obras de infraestructura que generan trabajo genuino&#8221;<\/p>\n<p dir=\"ltr\">En el D\u00eda del Camino, el vicegobernador apunt\u00f3 la enorme inversi\u00f3n en pavimentaciones y repavimentaciones que dan trabajo a 20.000 santafesinos y son instrumento movilizador de la econom\u00eda.<\/p>\n<p dir=\"ltr\">&#8220;Seguiremos apostando a la producci\u00f3n y el empleo en la convicci\u00f3n de que desde el interior vamos a defender el federalismo y un sistema impositivo justo que respete el federalismo&#8221;<\/p>\n<p dir=\"ltr\">Fascendini manifest\u00f3 que Santa Fe aporta mucho al pa\u00eds mientras &#8220;nos enteramos de las medidas que toma el gobierno nacional recortando y ajustando recursos&#8221;<\/p>\n<p dir=\"ltr\">&#8220;Estamos orgullosos\u00a0 del modelo Santa Fe y en di\u00e1logo franco continuaremos defendiendo los intereses de los santafesinos.<\/p>\n<\/div>\n<div class=\"yj6qo ajU\"><\/div>\n<!-- AddThis Advanced Settings generic via filter on the_content --><!-- AddThis Share Buttons generic via filter on the_content -->","protected":false},"excerpt":{"rendered":"<p>El vicegobernador de la provincia, Carlos Fascendini, presidi\u00f3 en el predio ferial del Cicae de Esperanza [&hellip;]<!-- AddThis Advanced Settings generic via filter on get_the_excerpt --><!-- AddThis Share Buttons generic via filter on get_the_excerpt --><\/p>\n","protected":false},"author":13,"featured_media":27874,"comment_status":"open","ping_status":"open","sticky":false,"template":"","format":"standard","meta":{"_seopress_robots_primary_cat":"","_seopress_titles_title":"","_seopress_titles_desc":"","_seopress_robots_index":"","_themeisle_gutenberg_block_has_review":false,"footnotes":""},"categories":[47],"tags":[],"class_list":["post-27873","post","type-post","status-publish","format-standard","has-post-thumbnail","hentry","category-locales"],"_links":{"self":[{"href":"https:\/\/www.almargenweb.com.ar\/web\/wp-json\/wp\/v2\/posts\/27873","targetHints":{"allow":["GET"]}}],"collection":[{"href":"https:\/\/www.almargenweb.com.ar\/web\/wp-json\/wp\/v2\/posts"}],"about":[{"href":"https:\/\/www.almargenweb.com.ar\/web\/wp-json\/wp\/v2\/types\/post"}],"author":[{"embeddable":true,"href":"https:\/\/www.almargenweb.com.ar\/web\/wp-json\/wp\/v2\/users\/13"}],"replies":[{"embeddable":true,"href":"https:\/\/www.almargenweb.com.ar\/web\/wp-json\/wp\/v2\/comments?post=27873"}],"version-history":[{"count":1,"href":"https:\/\/www.almargenweb.com.ar\/web\/wp-json\/wp\/v2\/posts\/27873\/revisions"}],"predecessor-version":[{"id":27875,"href":"https:\/\/www.almargenweb.com.ar\/web\/wp-json\/wp\/v2\/posts\/27873\/revisions\/27875"}],"wp:featuredmedia":[{"embeddable":true,"href":"https:\/\/www.almargenweb.com.ar\/web\/wp-json\/wp\/v2\/media\/27874"}],"wp:attachment":[{"href":"https:\/\/www.almargenweb.com.ar\/web\/wp-json\/wp\/v2\/media?parent=27873"}],"wp:term":[{"taxonomy":"category","embeddable":true,"href":"https:\/\/www.almargenweb.com.ar\/web\/wp-json\/wp\/v2\/categories?post=27873"},{"taxonomy":"post_tag","embeddable":true,"href":"https:\/\/www.almargenweb.com.ar\/web\/wp-json\/wp\/v2\/tags?post=27873"}],"curies":[{"name":"wp","href":"https:\/\/api.w.org\/{rel}","templated":true}]}}