{"id":27863,"date":"2018-10-05T11:15:47","date_gmt":"2018-10-05T14:15:47","guid":{"rendered":"http:\/\/www.almargenweb.com.ar\/web\/?p=27863"},"modified":"2018-10-05T11:15:47","modified_gmt":"2018-10-05T14:15:47","slug":"la-comuna-de-franck-invita-a-festejar-el-148-aniversario","status":"publish","type":"post","link":"https:\/\/www.almargenweb.com.ar\/web\/la-comuna-de-franck-invita-a-festejar-el-148-aniversario\/","title":{"rendered":"LA COMUNA DE FRANCK INVITA A FESTEJAR EL 148\u00b0 ANIVERSARIO"},"content":{"rendered":"<p>Un nuevo aniversario de la fundaci\u00f3n se acerca, y queremos invitarte a celebrarlo, juntos.<\/p>\n<p>El DOMINGO 7 de octubre, a partir de las 9:00hs., se realizar\u00e1 la procesi\u00f3n desde el Oratorio Itat\u00ed hacia la Parroquia Ntra. Se\u00f1ora del Rosario para celebrar la santa misa en honor a nuestra patrona Virgen del Rosario.<\/p>\n<div class=\"text_exposed_show\">\n<p>A partir de las 10:00hs., se realizar\u00e1 el desfile de instituciones y Acto Oficial frente a Plaza Sarmiento, para luego asistir al tradicional verm\u00fa en Asoc. La Fraternal.<\/p>\n<p>El S\u00c1BADO 13, disfrutaremos de los festejos centrales en Plaza Sarmiento con entrada libre y gratuita, a partir de las 20:30hs. &#8220;Campedrios&#8221; abrir\u00e1 la noche con el mejor folklore; conoceremos a Miss Franck 2018 y nos deslumbraremos con la presentaci\u00f3n en vivo de LOS PERICOS quienes interpretar\u00e1n lo nuevo y los cl\u00e1sicos que los han convertido en una banda insignia del reggae y rock nacional.<\/p>\n<p>Cerraremos la noche de la mano de &#8220;Juanjo Piedrabuena&#8221; para cantar y bailar al ritmo de la mejor cumbia santafesina!<\/p>\n<p>Los esperamos a todos los franckinos y a la regi\u00f3n, para celebrar juntos el 148\u00b0 aniversario de Franck!<\/p>\n<\/div>\n<!-- AddThis Advanced Settings generic via filter on the_content --><!-- AddThis Share Buttons generic via filter on the_content -->","protected":false},"excerpt":{"rendered":"<p>Un nuevo aniversario de la fundaci\u00f3n se acerca, y queremos invitarte a celebrarlo, juntos. El DOMINGO [&hellip;]<!-- AddThis Advanced Settings generic via filter on get_the_excerpt --><!-- AddThis Share Buttons generic via filter on get_the_excerpt --><\/p>\n","protected":false},"author":13,"featured_media":27864,"comment_status":"open","ping_status":"open","sticky":false,"template":"","format":"standard","meta":{"_seopress_robots_primary_cat":"","_seopress_titles_title":"","_seopress_titles_desc":"","_seopress_robots_index":"","_themeisle_gutenberg_block_has_review":false,"footnotes":""},"categories":[21],"tags":[],"class_list":["post-27863","post","type-post","status-publish","format-standard","has-post-thumbnail","hentry","category-las-colonias"],"_links":{"self":[{"href":"https:\/\/www.almargenweb.com.ar\/web\/wp-json\/wp\/v2\/posts\/27863","targetHints":{"allow":["GET"]}}],"collection":[{"href":"https:\/\/www.almargenweb.com.ar\/web\/wp-json\/wp\/v2\/posts"}],"about":[{"href":"https:\/\/www.almargenweb.com.ar\/web\/wp-json\/wp\/v2\/types\/post"}],"author":[{"embeddable":true,"href":"https:\/\/www.almargenweb.com.ar\/web\/wp-json\/wp\/v2\/users\/13"}],"replies":[{"embeddable":true,"href":"https:\/\/www.almargenweb.com.ar\/web\/wp-json\/wp\/v2\/comments?post=27863"}],"version-history":[{"count":2,"href":"https:\/\/www.almargenweb.com.ar\/web\/wp-json\/wp\/v2\/posts\/27863\/revisions"}],"predecessor-version":[{"id":27866,"href":"https:\/\/www.almargenweb.com.ar\/web\/wp-json\/wp\/v2\/posts\/27863\/revisions\/27866"}],"wp:featuredmedia":[{"embeddable":true,"href":"https:\/\/www.almargenweb.com.ar\/web\/wp-json\/wp\/v2\/media\/27864"}],"wp:attachment":[{"href":"https:\/\/www.almargenweb.com.ar\/web\/wp-json\/wp\/v2\/media?parent=27863"}],"wp:term":[{"taxonomy":"category","embeddable":true,"href":"https:\/\/www.almargenweb.com.ar\/web\/wp-json\/wp\/v2\/categories?post=27863"},{"taxonomy":"post_tag","embeddable":true,"href":"https:\/\/www.almargenweb.com.ar\/web\/wp-json\/wp\/v2\/tags?post=27863"}],"curies":[{"name":"wp","href":"https:\/\/api.w.org\/{rel}","templated":true}]}}