{"id":27857,"date":"2018-10-05T11:04:25","date_gmt":"2018-10-05T14:04:25","guid":{"rendered":"http:\/\/www.almargenweb.com.ar\/web\/?p=27857"},"modified":"2018-10-05T11:04:25","modified_gmt":"2018-10-05T14:04:25","slug":"san-carlos-sud-festejos-populares-por-el-160-aniversario-de-la-colonia-san-carlos","status":"publish","type":"post","link":"https:\/\/www.almargenweb.com.ar\/web\/san-carlos-sud-festejos-populares-por-el-160-aniversario-de-la-colonia-san-carlos\/","title":{"rendered":"SAN CARLOS SUD: FESTEJOS POPULARES POR EL 160\u00b0 ANIVERSARIO DE LA COLONIA SAN CARLOS."},"content":{"rendered":"<p style=\"font-weight: 400;\">El Gabinete Joven, la Red de Instituciones y la Comuna de San Carlos Sud organizan los festejos populares con motivo de celebrar el 160\u00b0 aniversario de la fundaci\u00f3n de la Colonia San Carlos.<\/p>\n<p style=\"font-weight: 400;\">El pr\u00f3ximo Domingo 7 de Octubre a partir de las 14,30 Hs. los esperamos en la Plaza \u201c27 de Septiembre\u201d para participar de las diferentes propuestas: chocolatada, golosinas, juegos para ni\u00f1os, exposici\u00f3n de artesanos y microemprendedores, muestra fotogr\u00e1fica, y espect\u00e1culos musicales: \u201cMemoria Nacional, homenaje al Rock Argentino\u201d, Assina y la presentaci\u00f3n de Emi Billoud y los juglares.<\/p>\n<p style=\"font-weight: 400;\">Desde ya queda toda la comunidad de San Carlos y la regi\u00f3n invitada a participar.<\/p>\n<!-- AddThis Advanced Settings generic via filter on the_content --><!-- AddThis Share Buttons generic via filter on the_content -->","protected":false},"excerpt":{"rendered":"<p>El Gabinete Joven, la Red de Instituciones y la Comuna de San Carlos Sud organizan los [&hellip;]<!-- AddThis Advanced Settings generic via filter on get_the_excerpt --><!-- AddThis Share Buttons generic via filter on get_the_excerpt --><\/p>\n","protected":false},"author":13,"featured_media":27858,"comment_status":"open","ping_status":"open","sticky":false,"template":"","format":"standard","meta":{"_seopress_robots_primary_cat":"","_seopress_titles_title":"","_seopress_titles_desc":"","_seopress_robots_index":"","_themeisle_gutenberg_block_has_review":false,"footnotes":""},"categories":[21],"tags":[],"class_list":["post-27857","post","type-post","status-publish","format-standard","has-post-thumbnail","hentry","category-las-colonias"],"_links":{"self":[{"href":"https:\/\/www.almargenweb.com.ar\/web\/wp-json\/wp\/v2\/posts\/27857","targetHints":{"allow":["GET"]}}],"collection":[{"href":"https:\/\/www.almargenweb.com.ar\/web\/wp-json\/wp\/v2\/posts"}],"about":[{"href":"https:\/\/www.almargenweb.com.ar\/web\/wp-json\/wp\/v2\/types\/post"}],"author":[{"embeddable":true,"href":"https:\/\/www.almargenweb.com.ar\/web\/wp-json\/wp\/v2\/users\/13"}],"replies":[{"embeddable":true,"href":"https:\/\/www.almargenweb.com.ar\/web\/wp-json\/wp\/v2\/comments?post=27857"}],"version-history":[{"count":1,"href":"https:\/\/www.almargenweb.com.ar\/web\/wp-json\/wp\/v2\/posts\/27857\/revisions"}],"predecessor-version":[{"id":27859,"href":"https:\/\/www.almargenweb.com.ar\/web\/wp-json\/wp\/v2\/posts\/27857\/revisions\/27859"}],"wp:featuredmedia":[{"embeddable":true,"href":"https:\/\/www.almargenweb.com.ar\/web\/wp-json\/wp\/v2\/media\/27858"}],"wp:attachment":[{"href":"https:\/\/www.almargenweb.com.ar\/web\/wp-json\/wp\/v2\/media?parent=27857"}],"wp:term":[{"taxonomy":"category","embeddable":true,"href":"https:\/\/www.almargenweb.com.ar\/web\/wp-json\/wp\/v2\/categories?post=27857"},{"taxonomy":"post_tag","embeddable":true,"href":"https:\/\/www.almargenweb.com.ar\/web\/wp-json\/wp\/v2\/tags?post=27857"}],"curies":[{"name":"wp","href":"https:\/\/api.w.org\/{rel}","templated":true}]}}