{"id":27785,"date":"2018-10-01T20:02:58","date_gmt":"2018-10-01T23:02:58","guid":{"rendered":"http:\/\/www.almargenweb.com.ar\/web\/?p=27785"},"modified":"2018-10-01T20:02:58","modified_gmt":"2018-10-01T23:02:58","slug":"fascendini-presidio-el-acto-por-los-150-anos-de-humboldt","status":"publish","type":"post","link":"https:\/\/www.almargenweb.com.ar\/web\/fascendini-presidio-el-acto-por-los-150-anos-de-humboldt\/","title":{"rendered":"FASCENDINI PRESIDI\u00d3 EL ACTO POR LOS 150 A\u00d1OS DE HUMBOLDT"},"content":{"rendered":"<p dir=\"ltr\">El vicegobernador de la provincia, Carlos Fascendini,\u00a0 represent\u00f3 al gobernador Miguel Lifschitz en el acto oficial conmemorativo del sesquicentenario de Humboldt.<\/p>\n<p dir=\"ltr\">En la Plaza Independencia el vicegobernador rindi\u00f3 homenaje a los fundadores &#8220;que protagonizaron una verdadera epopeya al venir a trabajar estas tierras donde todo era desconocido&#8221;<\/p>\n<p dir=\"ltr\">Evoc\u00f3 los primeros a\u00f1os de la organizaci\u00f3n nacional &#8220;con la impronta de Alberdi gobernar es poblar&#8221; y la Constituci\u00f3n que invitaba a los hombres de buena voluntad que quieran habitar el suelo argentino.<\/p>\n<p dir=\"ltr\">M\u00e1s adelante\u00a0 Fascendini ponder\u00f3 &#8220;los valores, el coraje y tes\u00f3n de quienes hicieron una revoluci\u00f3n agraria y luego avanzaron con la instalaci\u00f3n de industrias&#8221;<\/p>\n<p dir=\"ltr\">Exhort\u00f3 a continuar con los esfuerzos a pesar de las crisis recurrentes en el pa\u00eds que no se solucionan con maniobras financieras sino con m\u00e1s producci\u00f3n, generaci\u00f3n de trabajo e inclusi\u00f3n &#8220;como lo venimos haciendo en la provincia con obra p\u00fablica, educaci\u00f3n, salud e inclusi\u00f3n social&#8221;<\/p>\n<p dir=\"ltr\">En homenaje a las familias fundadoras se descubri\u00f3 un monolito por los 150 a\u00f1os.<\/p>\n<p dir=\"ltr\">Finalmente felicit\u00f3 a los vecinos por hacer honor al Jard\u00edn de la Provincia como justamente se reconoce a Humboldt por su prolijidad, limpieza y espacios con flores.<\/p>\n<p dir=\"ltr\">Estuvieron presentes el presidente comunal Duilio Rohrmann, el senador por Las Colonias Rub\u00e9n Pirola, el diputado Santiago Mascheroni, la intendenta de Esperanza Ana Meiners, ex presidentes comunales de Humboldt y actuales de localidades vecinas junto a representantes de instituciones y delegaciones escolares.<\/p>\n<!-- AddThis Advanced Settings generic via filter on the_content --><!-- AddThis Share Buttons generic via filter on the_content -->","protected":false},"excerpt":{"rendered":"<p>El vicegobernador de la provincia, Carlos Fascendini,\u00a0 represent\u00f3 al gobernador Miguel Lifschitz en el acto oficial [&hellip;]<!-- AddThis Advanced Settings generic via filter on get_the_excerpt --><!-- AddThis Share Buttons generic via filter on get_the_excerpt --><\/p>\n","protected":false},"author":13,"featured_media":27788,"comment_status":"open","ping_status":"open","sticky":false,"template":"","format":"standard","meta":{"_seopress_robots_primary_cat":"","_seopress_titles_title":"","_seopress_titles_desc":"","_seopress_robots_index":"","_themeisle_gutenberg_block_has_review":false,"footnotes":""},"categories":[21],"tags":[],"class_list":["post-27785","post","type-post","status-publish","format-standard","has-post-thumbnail","hentry","category-las-colonias"],"_links":{"self":[{"href":"https:\/\/www.almargenweb.com.ar\/web\/wp-json\/wp\/v2\/posts\/27785","targetHints":{"allow":["GET"]}}],"collection":[{"href":"https:\/\/www.almargenweb.com.ar\/web\/wp-json\/wp\/v2\/posts"}],"about":[{"href":"https:\/\/www.almargenweb.com.ar\/web\/wp-json\/wp\/v2\/types\/post"}],"author":[{"embeddable":true,"href":"https:\/\/www.almargenweb.com.ar\/web\/wp-json\/wp\/v2\/users\/13"}],"replies":[{"embeddable":true,"href":"https:\/\/www.almargenweb.com.ar\/web\/wp-json\/wp\/v2\/comments?post=27785"}],"version-history":[{"count":1,"href":"https:\/\/www.almargenweb.com.ar\/web\/wp-json\/wp\/v2\/posts\/27785\/revisions"}],"predecessor-version":[{"id":27789,"href":"https:\/\/www.almargenweb.com.ar\/web\/wp-json\/wp\/v2\/posts\/27785\/revisions\/27789"}],"wp:featuredmedia":[{"embeddable":true,"href":"https:\/\/www.almargenweb.com.ar\/web\/wp-json\/wp\/v2\/media\/27788"}],"wp:attachment":[{"href":"https:\/\/www.almargenweb.com.ar\/web\/wp-json\/wp\/v2\/media?parent=27785"}],"wp:term":[{"taxonomy":"category","embeddable":true,"href":"https:\/\/www.almargenweb.com.ar\/web\/wp-json\/wp\/v2\/categories?post=27785"},{"taxonomy":"post_tag","embeddable":true,"href":"https:\/\/www.almargenweb.com.ar\/web\/wp-json\/wp\/v2\/tags?post=27785"}],"curies":[{"name":"wp","href":"https:\/\/api.w.org\/{rel}","templated":true}]}}