{"id":27772,"date":"2018-09-30T23:09:11","date_gmt":"2018-10-01T02:09:11","guid":{"rendered":"http:\/\/www.almargenweb.com.ar\/web\/?p=27772"},"modified":"2018-09-30T23:09:11","modified_gmt":"2018-10-01T02:09:11","slug":"por-gestiones-emprendedores-de-esperanza-estaran-presentes-en-fecol","status":"publish","type":"post","link":"https:\/\/www.almargenweb.com.ar\/web\/por-gestiones-emprendedores-de-esperanza-estaran-presentes-en-fecol\/","title":{"rendered":"POR GESTIONES, EMPRENDEDORES DE ESPERANZA ESTAR\u00c1N PRESENTES EN FECOL"},"content":{"rendered":"<p>Se trata de los Emprendedores Artesanos \u201cReina M\u00eda\u201d que fabrica art\u00edculos para bebes y ni\u00f1os, el Taller Artesanar Mosaiquismo, la Asociaci\u00f3n de Artesanos Esperancinos con varios de sus integrantes y los Talleres &#8220;Naranjo en el Patio&#8221; dependientes de la Direcci\u00f3n de Salud Mental de la Provincia que funcionan en el Centro de Salud de la Orilla.<br \/>\nRodrigo M\u00fcller explic\u00f3 que &#8220;las gestiones para que los emprendedores dispongan de espacio en forma gratuita fueron realizadas por la Asociaci\u00f3n para el Desarrollo ante el Ministerio de la Producci\u00f3n de la Provincia&#8221;<br \/>\n&#8220;El otorgamiento de estos lugares en una feria importante como es Fecol les permitir\u00e1 visibilizar su trabajo en una exposici\u00f3n de gran concurrencia de p\u00fablico y concretar nuevas oportunidades de negocios\u201d, subray\u00f3 Rodrigo M\u00fcller.<\/p>\n<!-- AddThis Advanced Settings generic via filter on the_content --><!-- AddThis Share Buttons generic via filter on the_content -->","protected":false},"excerpt":{"rendered":"<p>Se trata de los Emprendedores Artesanos \u201cReina M\u00eda\u201d que fabrica art\u00edculos para bebes y ni\u00f1os, el [&hellip;]<!-- AddThis Advanced Settings generic via filter on get_the_excerpt --><!-- AddThis Share Buttons generic via filter on get_the_excerpt --><\/p>\n","protected":false},"author":13,"featured_media":27773,"comment_status":"open","ping_status":"open","sticky":false,"template":"","format":"standard","meta":{"_seopress_robots_primary_cat":"","_seopress_titles_title":"","_seopress_titles_desc":"","_seopress_robots_index":"","_themeisle_gutenberg_block_has_review":false,"footnotes":""},"categories":[47],"tags":[],"class_list":["post-27772","post","type-post","status-publish","format-standard","has-post-thumbnail","hentry","category-locales"],"_links":{"self":[{"href":"https:\/\/www.almargenweb.com.ar\/web\/wp-json\/wp\/v2\/posts\/27772","targetHints":{"allow":["GET"]}}],"collection":[{"href":"https:\/\/www.almargenweb.com.ar\/web\/wp-json\/wp\/v2\/posts"}],"about":[{"href":"https:\/\/www.almargenweb.com.ar\/web\/wp-json\/wp\/v2\/types\/post"}],"author":[{"embeddable":true,"href":"https:\/\/www.almargenweb.com.ar\/web\/wp-json\/wp\/v2\/users\/13"}],"replies":[{"embeddable":true,"href":"https:\/\/www.almargenweb.com.ar\/web\/wp-json\/wp\/v2\/comments?post=27772"}],"version-history":[{"count":1,"href":"https:\/\/www.almargenweb.com.ar\/web\/wp-json\/wp\/v2\/posts\/27772\/revisions"}],"predecessor-version":[{"id":27774,"href":"https:\/\/www.almargenweb.com.ar\/web\/wp-json\/wp\/v2\/posts\/27772\/revisions\/27774"}],"wp:featuredmedia":[{"embeddable":true,"href":"https:\/\/www.almargenweb.com.ar\/web\/wp-json\/wp\/v2\/media\/27773"}],"wp:attachment":[{"href":"https:\/\/www.almargenweb.com.ar\/web\/wp-json\/wp\/v2\/media?parent=27772"}],"wp:term":[{"taxonomy":"category","embeddable":true,"href":"https:\/\/www.almargenweb.com.ar\/web\/wp-json\/wp\/v2\/categories?post=27772"},{"taxonomy":"post_tag","embeddable":true,"href":"https:\/\/www.almargenweb.com.ar\/web\/wp-json\/wp\/v2\/tags?post=27772"}],"curies":[{"name":"wp","href":"https:\/\/api.w.org\/{rel}","templated":true}]}}