{"id":27763,"date":"2018-09-27T17:22:39","date_gmt":"2018-09-27T20:22:39","guid":{"rendered":"http:\/\/www.almargenweb.com.ar\/web\/?p=27763"},"modified":"2018-09-27T17:22:39","modified_gmt":"2018-09-27T20:22:39","slug":"preocupacion-por-el-recorte-y-ajuste-en-las-pensiones-no-contributivas-nacionales","status":"publish","type":"post","link":"https:\/\/www.almargenweb.com.ar\/web\/preocupacion-por-el-recorte-y-ajuste-en-las-pensiones-no-contributivas-nacionales\/","title":{"rendered":"PREOCUPACI\u00d3N POR EL RECORTE Y AJUSTE EN LAS PENSIONES NO CONTRIBUTIVAS NACIONALES"},"content":{"rendered":"<h3>El GOBIERNO TIENE QUE CAMBIAR SUS PRIORIDADES Y PONER POR DELANTE A LA GENTE Y SUS PROBLEMAS<\/h3>\n<p>A trav\u00e9s de una declaraci\u00f3n de prensa, el doctor Rodrigo M\u00fcller califica de &#8220;inhumana&#8221; la decisi\u00f3n del gobierno nacional de dar de baja pensiones no contributivas en este momento.<br \/>\nEl abogado se\u00f1ala adem\u00e1s la preocupaci\u00f3n por las demoras en el otorgamiento a esperancinos que tienen en tr\u00e1mite el beneficio y no avanzan, aunque tienen los requisitos legales exigidos.<br \/>\nExiste una gran preocupaci\u00f3n, la cual hago m\u00eda ya que diariamente instituciones y personas me lo transmiten. Seg\u00fan lo publicado en el Bolet\u00edn Nacional se est\u00e1n dando de baja pensiones y las personas disponen de 10 d\u00edas para reclamar desde que le llega la notificaci\u00f3n.<br \/>\nDel mismo modo, Rodrigo M\u00fcller expresa que adem\u00e1s se suma &#8220;el atraso en los pagos del Programa &#8220;Incluir Salud&#8221; a beneficiarios de pensiones no contributivas con respecto al uso de transporte.<\/p>\n<!-- AddThis Advanced Settings generic via filter on the_content --><!-- AddThis Share Buttons generic via filter on the_content -->","protected":false},"excerpt":{"rendered":"<p>El GOBIERNO TIENE QUE CAMBIAR SUS PRIORIDADES Y PONER POR DELANTE A LA GENTE Y SUS [&hellip;]<!-- AddThis Advanced Settings generic via filter on get_the_excerpt --><!-- AddThis Share Buttons generic via filter on get_the_excerpt --><\/p>\n","protected":false},"author":13,"featured_media":25954,"comment_status":"open","ping_status":"open","sticky":false,"template":"","format":"standard","meta":{"_seopress_robots_primary_cat":"","_seopress_titles_title":"","_seopress_titles_desc":"","_seopress_robots_index":"","_themeisle_gutenberg_block_has_review":false,"footnotes":""},"categories":[47],"tags":[],"class_list":["post-27763","post","type-post","status-publish","format-standard","has-post-thumbnail","hentry","category-locales"],"_links":{"self":[{"href":"https:\/\/www.almargenweb.com.ar\/web\/wp-json\/wp\/v2\/posts\/27763","targetHints":{"allow":["GET"]}}],"collection":[{"href":"https:\/\/www.almargenweb.com.ar\/web\/wp-json\/wp\/v2\/posts"}],"about":[{"href":"https:\/\/www.almargenweb.com.ar\/web\/wp-json\/wp\/v2\/types\/post"}],"author":[{"embeddable":true,"href":"https:\/\/www.almargenweb.com.ar\/web\/wp-json\/wp\/v2\/users\/13"}],"replies":[{"embeddable":true,"href":"https:\/\/www.almargenweb.com.ar\/web\/wp-json\/wp\/v2\/comments?post=27763"}],"version-history":[{"count":1,"href":"https:\/\/www.almargenweb.com.ar\/web\/wp-json\/wp\/v2\/posts\/27763\/revisions"}],"predecessor-version":[{"id":27764,"href":"https:\/\/www.almargenweb.com.ar\/web\/wp-json\/wp\/v2\/posts\/27763\/revisions\/27764"}],"wp:featuredmedia":[{"embeddable":true,"href":"https:\/\/www.almargenweb.com.ar\/web\/wp-json\/wp\/v2\/media\/25954"}],"wp:attachment":[{"href":"https:\/\/www.almargenweb.com.ar\/web\/wp-json\/wp\/v2\/media?parent=27763"}],"wp:term":[{"taxonomy":"category","embeddable":true,"href":"https:\/\/www.almargenweb.com.ar\/web\/wp-json\/wp\/v2\/categories?post=27763"},{"taxonomy":"post_tag","embeddable":true,"href":"https:\/\/www.almargenweb.com.ar\/web\/wp-json\/wp\/v2\/tags?post=27763"}],"curies":[{"name":"wp","href":"https:\/\/api.w.org\/{rel}","templated":true}]}}