{"id":27704,"date":"2018-09-25T11:29:34","date_gmt":"2018-09-25T14:29:34","guid":{"rendered":"http:\/\/www.almargenweb.com.ar\/web\/?p=27704"},"modified":"2018-09-25T11:29:34","modified_gmt":"2018-09-25T14:29:34","slug":"cada-vez-mas-personas-eligen-a-franck-para-vivir","status":"publish","type":"post","link":"https:\/\/www.almargenweb.com.ar\/web\/cada-vez-mas-personas-eligen-a-franck-para-vivir\/","title":{"rendered":"Cada vez m\u00e1s personas eligen a Franck para vivir"},"content":{"rendered":"<h4>Vecinos de la regi\u00f3n optan por \u00e9ste y otros distritos alejados de las grandes ciudades en b\u00fasqueda de mayor tranquilidad. Esta localidad es una de las que seduce a muchos santafesinos, principalmente por su estrat\u00e9gica ubicaci\u00f3n cercana a la autov\u00eda 19, la que posibilita estar en la capital provincial en unos pocos minutos.<\/h4>\n<p>La creciente demograf\u00eda de las grandes urbes, la que habitualmente es acompa\u00f1ada por los peri\u00f3dicos hechos de inseguridad, la poluci\u00f3n y el estresante traj\u00edn diario, motiva que cada vez m\u00e1s personas opten por los pueblos cercanos para radicarse y vivir. Una de las opciones m\u00e1s elegidas por su estrat\u00e9gica ubicaci\u00f3n es Franck, situado a tan s\u00f3lo 25 kil\u00f3metros de la ciudad de Santa Fe y a unos 14 de Esperanza, ciudad cabecera del departamento Las Colonias. Su r\u00e1pida salida desde la ruta 6 a la Autov\u00eda 19, y las alternativas eficientes para llegar a la capital provincial (como por ejemplo la autopista Rosario Santa Fe y el acceso norte en Santo Tom\u00e9), hace que en tan solo 20 minutos se pueda llegar r\u00e1pidamente a la segunda localidad m\u00e1s poblada de la bota.<\/p>\n<p>&nbsp;<\/p>\n<p>La diferencia es clara y muy marcada: pasar los d\u00edas en un distrito de poco m\u00e1s de 8 mil habitantes, indudablemente es muy distinto a vivir en uno que supera los 400 mil. Sobre este tema, El Litoral consult\u00f3 al vicepresidente comunal de Franck, Dami\u00e1n Franzen, quien asegur\u00f3 que cada vez son m\u00e1s las consultas y las personas que terminan construyendo sus destinos en territorio franckino. \u201cLa calidad de vida que tiene nuestro pueblo no se encuentra en las grandes ciudades, por eso en los \u00faltimos 4 o 5 a\u00f1os muchas familias de Santa Fe, Santo Tom\u00e9 o Esperanza deciden cambiar todo y se vienen a instalar aqu\u00ed\u201d, afirm\u00f3 el funcionario.<\/p>\n<p><strong>Servicios e industrias<\/strong><\/p>\n<p>Franzen deduce que esta migraci\u00f3n ocurre por dos motivos principales. El primero, la existencia de todos los servicios en pr\u00e1cticamente el ciento por ciento del ejido urbano. \u201cTenemos casi el 80 por ciento de las cuadras pavimentadas, lo cual es fruto del esfuerzo de los vecinos a trav\u00e9s del sistema de contribuci\u00f3n de mejoras; estamos ampliando la red de cloacas a 8 nuevas manzanas, para extender esta prestaci\u00f3n a todo el pueblo; el agua que brinda la Cooperativa local llega a cada casa; y con el refuerzo del gasoducto situado en la zona de San Jer\u00f3nimo del Sauce, vamos a contar con el caudal suficiente para extender el servicio de gas natural a aproximadamente mil viviendas m\u00e1s\u201d, precis\u00f3 el vicepresidente comunal, asegurando que de esta forma se cubrir\u00e1 la totalidad del poblado con este beneficio.<\/p>\n<p>La segunda raz\u00f3n que motoriza el arribo de vecinos de otros lugares a esta zona, es el perfil industrial que siempre caracteriz\u00f3 a Franck. En la actualidad existen unas 8 industrias grandes en el lugar, principalmente l\u00e1cteas y metal\u00fargicas, a las que se suman otras pymes vinculadas a este \u00faltimo rubro mencionado y a los productos agroqu\u00edmicos, superando de esta forma las m\u00e1s de 20 empresas. Esto genera un importante movimiento de trabajadores, muchos de ellos provenientes de distintas localidades de la regi\u00f3n. \u201cPor esa raz\u00f3n, muchas familias ligadas a estas compa\u00f1\u00edas optaron por venir al pueblo y ya hacen sus vidas ac\u00e1, lo cual produce un sostenido crecimiento poblacional\u201d, explic\u00f3 Dami\u00e1n Franzen.<\/p>\n<p>&nbsp;<\/p>\n<p>&nbsp;<\/p>\n<p>&nbsp;<\/p>\n<p>&nbsp;<\/p>\n<p>&nbsp;<\/p>\n<p>Fuente: El Litoral.<\/p>\n<!-- AddThis Advanced Settings generic via filter on the_content --><!-- AddThis Share Buttons generic via filter on the_content -->","protected":false},"excerpt":{"rendered":"<p>Vecinos de la regi\u00f3n optan por \u00e9ste y otros distritos alejados de las grandes ciudades en [&hellip;]<!-- AddThis Advanced Settings generic via filter on get_the_excerpt --><!-- AddThis Share Buttons generic via filter on get_the_excerpt --><\/p>\n","protected":false},"author":13,"featured_media":27705,"comment_status":"open","ping_status":"open","sticky":false,"template":"","format":"standard","meta":{"_seopress_robots_primary_cat":"","_seopress_titles_title":"","_seopress_titles_desc":"","_seopress_robots_index":"","_themeisle_gutenberg_block_has_review":false,"footnotes":""},"categories":[21],"tags":[],"class_list":["post-27704","post","type-post","status-publish","format-standard","has-post-thumbnail","hentry","category-las-colonias"],"_links":{"self":[{"href":"https:\/\/www.almargenweb.com.ar\/web\/wp-json\/wp\/v2\/posts\/27704","targetHints":{"allow":["GET"]}}],"collection":[{"href":"https:\/\/www.almargenweb.com.ar\/web\/wp-json\/wp\/v2\/posts"}],"about":[{"href":"https:\/\/www.almargenweb.com.ar\/web\/wp-json\/wp\/v2\/types\/post"}],"author":[{"embeddable":true,"href":"https:\/\/www.almargenweb.com.ar\/web\/wp-json\/wp\/v2\/users\/13"}],"replies":[{"embeddable":true,"href":"https:\/\/www.almargenweb.com.ar\/web\/wp-json\/wp\/v2\/comments?post=27704"}],"version-history":[{"count":1,"href":"https:\/\/www.almargenweb.com.ar\/web\/wp-json\/wp\/v2\/posts\/27704\/revisions"}],"predecessor-version":[{"id":27706,"href":"https:\/\/www.almargenweb.com.ar\/web\/wp-json\/wp\/v2\/posts\/27704\/revisions\/27706"}],"wp:featuredmedia":[{"embeddable":true,"href":"https:\/\/www.almargenweb.com.ar\/web\/wp-json\/wp\/v2\/media\/27705"}],"wp:attachment":[{"href":"https:\/\/www.almargenweb.com.ar\/web\/wp-json\/wp\/v2\/media?parent=27704"}],"wp:term":[{"taxonomy":"category","embeddable":true,"href":"https:\/\/www.almargenweb.com.ar\/web\/wp-json\/wp\/v2\/categories?post=27704"},{"taxonomy":"post_tag","embeddable":true,"href":"https:\/\/www.almargenweb.com.ar\/web\/wp-json\/wp\/v2\/tags?post=27704"}],"curies":[{"name":"wp","href":"https:\/\/api.w.org\/{rel}","templated":true}]}}