{"id":27679,"date":"2018-09-21T11:23:59","date_gmt":"2018-09-21T14:23:59","guid":{"rendered":"http:\/\/www.almargenweb.com.ar\/web\/?p=27679"},"modified":"2018-09-21T11:23:59","modified_gmt":"2018-09-21T14:23:59","slug":"la-comuna-de-franck-realizo-la-presentacion-del-nuevo-movil-policial-ante-los-medios-locales","status":"publish","type":"post","link":"https:\/\/www.almargenweb.com.ar\/web\/la-comuna-de-franck-realizo-la-presentacion-del-nuevo-movil-policial-ante-los-medios-locales\/","title":{"rendered":"LA COMUNA DE FRANCK REALIZO LA PRESENTACI\u00d3N DEL NUEVO M\u00d3VIL POLICIAL ANTE LOS MEDIOS LOCALES"},"content":{"rendered":"<p>En la Comisar\u00eda IV de Franck, el presidente comunal Javier Enrico, acompa\u00f1ado por miembros de Comisi\u00f3n Comunal, el Jefe de la Unidad Regional XI e integrantes de cooperadora policial, presentaron ante los medios locales y vecinos e Franck, el nuevo patrullero policial.<\/p>\n<p>Enrico, agradeci\u00f3 nuevamente al gobierno de la provincia por hacerse eco de la demanda de nuestras comunidades en materia de seguridad y expres\u00f3 su<span class=\"text_exposed_show\">\u00a0voluntad de continuar colaborando con las fuerzas en la prevenci\u00f3n del delito, en pos de lograr una sociedad m\u00e1s segura y tranquila.<\/span><\/p>\n<div class=\"text_exposed_show\">\n<p>En este sentido, tambi\u00e9n se dirigieron a los presentes el Jefe de la Unidad Regional XIl Juan Jos\u00e9 Vouilloz, y el comisario de la Comisar\u00eda IV Pablo Ben\u00edtez, quienes, adem\u00e1s, se comprometieron a seguir trabajando y gestionando m\u00e1s oficiales y nuevos veh\u00edculos para incrementar la presencia policial en las localidades del Dpto. Las Colonias.<\/p>\n<p>Domingo Borgogno, presidente de la cooperadora policial, tambi\u00e9n expres\u00f3 palabras de colaboraci\u00f3n para con la instituci\u00f3n policial en lo que al mantenimiento del edificio y veh\u00edculos se refiere.<\/p>\n<p>Cabe recordar que, este nuevo m\u00f3vil fue entregado en la ciudad de Esperanza en el marco del acto encabezado por el vicegobernador Carlos Fascendini y el Ministro de Seguridad Maximiliano Pullaro, en el cual se entregaron patrulleros a distintas localidades, como ser, San Carlos Centro, Humboldt, San Jer\u00f3nimo Norte, y Esperanza.<\/p>\n<p>&nbsp;<\/p>\n<\/div>\n<!-- AddThis Advanced Settings generic via filter on the_content --><!-- AddThis Share Buttons generic via filter on the_content -->","protected":false},"excerpt":{"rendered":"<p>En la Comisar\u00eda IV de Franck, el presidente comunal Javier Enrico, acompa\u00f1ado por miembros de Comisi\u00f3n [&hellip;]<!-- AddThis Advanced Settings generic via filter on get_the_excerpt --><!-- AddThis Share Buttons generic via filter on get_the_excerpt --><\/p>\n","protected":false},"author":13,"featured_media":27680,"comment_status":"open","ping_status":"open","sticky":false,"template":"","format":"standard","meta":{"_seopress_robots_primary_cat":"","_seopress_titles_title":"","_seopress_titles_desc":"","_seopress_robots_index":"","_themeisle_gutenberg_block_has_review":false,"footnotes":""},"categories":[21],"tags":[],"class_list":["post-27679","post","type-post","status-publish","format-standard","has-post-thumbnail","hentry","category-las-colonias"],"_links":{"self":[{"href":"https:\/\/www.almargenweb.com.ar\/web\/wp-json\/wp\/v2\/posts\/27679","targetHints":{"allow":["GET"]}}],"collection":[{"href":"https:\/\/www.almargenweb.com.ar\/web\/wp-json\/wp\/v2\/posts"}],"about":[{"href":"https:\/\/www.almargenweb.com.ar\/web\/wp-json\/wp\/v2\/types\/post"}],"author":[{"embeddable":true,"href":"https:\/\/www.almargenweb.com.ar\/web\/wp-json\/wp\/v2\/users\/13"}],"replies":[{"embeddable":true,"href":"https:\/\/www.almargenweb.com.ar\/web\/wp-json\/wp\/v2\/comments?post=27679"}],"version-history":[{"count":1,"href":"https:\/\/www.almargenweb.com.ar\/web\/wp-json\/wp\/v2\/posts\/27679\/revisions"}],"predecessor-version":[{"id":27681,"href":"https:\/\/www.almargenweb.com.ar\/web\/wp-json\/wp\/v2\/posts\/27679\/revisions\/27681"}],"wp:featuredmedia":[{"embeddable":true,"href":"https:\/\/www.almargenweb.com.ar\/web\/wp-json\/wp\/v2\/media\/27680"}],"wp:attachment":[{"href":"https:\/\/www.almargenweb.com.ar\/web\/wp-json\/wp\/v2\/media?parent=27679"}],"wp:term":[{"taxonomy":"category","embeddable":true,"href":"https:\/\/www.almargenweb.com.ar\/web\/wp-json\/wp\/v2\/categories?post=27679"},{"taxonomy":"post_tag","embeddable":true,"href":"https:\/\/www.almargenweb.com.ar\/web\/wp-json\/wp\/v2\/tags?post=27679"}],"curies":[{"name":"wp","href":"https:\/\/api.w.org\/{rel}","templated":true}]}}