{"id":27665,"date":"2018-09-20T13:47:57","date_gmt":"2018-09-20T16:47:57","guid":{"rendered":"http:\/\/www.almargenweb.com.ar\/web\/?p=27665"},"modified":"2018-09-20T13:49:12","modified_gmt":"2018-09-20T16:49:12","slug":"fascendini-presidio-acto-de-refuncionalizacion-de-la-guardia","status":"publish","type":"post","link":"https:\/\/www.almargenweb.com.ar\/web\/fascendini-presidio-acto-de-refuncionalizacion-de-la-guardia\/","title":{"rendered":"FASCENDINI PRESIDI\u00d3 ACTO DE REFUNCIONALIZACI\u00d3N DE LA GUARDIA"},"content":{"rendered":"<div dir=\"ltr\">\n<p dir=\"ltr\">El vicegobernador de la provincia, Carlos Fascendini y la ministra de Salud, Andrea Uboldi encabezaron, en representaci\u00f3n del Gobierno de la Provincia, la puesta en marcha de la refuncionalizaci\u00f3n de la guardia en el hospital Samco de Esperanza.<br \/>\nLa ministra explic\u00f3 que &#8220;es un sistema que permite categorizar y atender por orden de priorizaci\u00f3n en urgencia, emergencia y en patolog\u00edas m\u00e1s vanales&#8221;<\/p>\n<p dir=\"ltr\">&#8220;Es un desaf\u00edo para quienes trabajamos en equipos de salud porque siempre nos acostumbramos a atender por orden de llegada&#8221;, agreg\u00f3 la doctora Uboldi.<\/p>\n<p dir=\"ltr\">&#8220;Este modelo de atenci\u00f3n funciona en los hospitales Mira y Lopez y Alassia, as\u00ed que este hospital de Esperanza es el tercero en aplicarlo con planillas de seguimiento de los casos y el respaldo desde el punto de vista legal&#8221;.<\/p>\n<p dir=\"ltr\">Palabras del vicegobernador<\/p>\n<p dir=\"ltr\">Carlos Fascendini,\u00a0 por su parte, destac\u00f3 la prioridad que siempre dio el Gobierno de la Provincia a la atenci\u00f3n de calidad de la salud p\u00fablica planificada ya desde el tiempo de la gobernaci\u00f3n del Dr. Binner.<\/p>\n<p dir=\"ltr\">&#8220;Santa Fe est\u00e1 en la cima de la atenci\u00f3n en el pa\u00eds. No hay provincia que haya construido cinco hospitales de alta complejidad y las obras, a pesar de las dificultades y el descalabro de la econom\u00eda nacional, contin\u00faan su marcha&#8221;<br \/>\n&#8220;La gesti\u00f3n en la que acompa\u00f1amos al gobernador Lifschitz ha puesto mucha impronta en la recuperaci\u00f3n de rutas y grandes obras de infraestructura&#8221;, remarc\u00f3 Fascendini.<\/p>\n<p dir=\"ltr\">El vicegobernador record\u00f3 el aporte a la Asociaci\u00f3n Cooperadora del Samco para el retechado del centenario edificio:<\/p>\n<p dir=\"ltr\">&#8220;Desde lo m\u00e1s\u00a0 sencillo hasta las inversiones de magnitud acompa\u00f1amos a los ciudadanos en este proyecto inclusivo&#8221;<\/p>\n<p dir=\"ltr\">Tambi\u00e9n resalt\u00f3 la fortaleza de la institucionalidad en la provincia &#8220;porque hay di\u00e1logo y consenso con legisladores de la oposici\u00f3n que nos permiten avanzar trabajando juntos.<\/p>\n<p dir=\"ltr\">Durante el acto hablaron la intendenta municipal, Ana Meiners; el secretario de Gobierno y representante del municipio en el Consejo de Administraci\u00f3n, Alfonso G\u00f3mez, el\u00a0 director del hospital H\u00e9ctor Soler y el senador por Las Colonias, Rub\u00e9n Pirola.<\/p>\n<\/div>\n<div class=\"yj6qo ajU\"><img loading=\"lazy\" decoding=\"async\" class=\"aligncenter wp-image-27667 size-large\" src=\"https:\/\/www.almargenweb.com.ar\/web\/wp-content\/uploads\/2018\/09\/IMG_5799-1024x683.jpg\" alt=\"\" width=\"640\" height=\"427\" srcset=\"https:\/\/www.almargenweb.com.ar\/web\/wp-content\/uploads\/2018\/09\/IMG_5799-1024x683.jpg 1024w, https:\/\/www.almargenweb.com.ar\/web\/wp-content\/uploads\/2018\/09\/IMG_5799-300x200.jpg 300w, https:\/\/www.almargenweb.com.ar\/web\/wp-content\/uploads\/2018\/09\/IMG_5799-768x512.jpg 768w, https:\/\/www.almargenweb.com.ar\/web\/wp-content\/uploads\/2018\/09\/IMG_5799.jpg 1200w\" sizes=\"auto, (max-width: 640px) 100vw, 640px\" \/> <img loading=\"lazy\" decoding=\"async\" class=\"aligncenter wp-image-27668 size-large\" src=\"https:\/\/www.almargenweb.com.ar\/web\/wp-content\/uploads\/2018\/09\/IMG_5834-1024x683.jpg\" alt=\"\" width=\"640\" height=\"427\" srcset=\"https:\/\/www.almargenweb.com.ar\/web\/wp-content\/uploads\/2018\/09\/IMG_5834-1024x683.jpg 1024w, https:\/\/www.almargenweb.com.ar\/web\/wp-content\/uploads\/2018\/09\/IMG_5834-300x200.jpg 300w, https:\/\/www.almargenweb.com.ar\/web\/wp-content\/uploads\/2018\/09\/IMG_5834-768x512.jpg 768w, https:\/\/www.almargenweb.com.ar\/web\/wp-content\/uploads\/2018\/09\/IMG_5834.jpg 1200w\" sizes=\"auto, (max-width: 640px) 100vw, 640px\" \/> <img loading=\"lazy\" decoding=\"async\" class=\"aligncenter wp-image-27669 size-large\" src=\"https:\/\/www.almargenweb.com.ar\/web\/wp-content\/uploads\/2018\/09\/IMG_5839-1024x683.jpg\" alt=\"\" width=\"640\" height=\"427\" srcset=\"https:\/\/www.almargenweb.com.ar\/web\/wp-content\/uploads\/2018\/09\/IMG_5839-1024x683.jpg 1024w, https:\/\/www.almargenweb.com.ar\/web\/wp-content\/uploads\/2018\/09\/IMG_5839-300x200.jpg 300w, https:\/\/www.almargenweb.com.ar\/web\/wp-content\/uploads\/2018\/09\/IMG_5839-768x512.jpg 768w, https:\/\/www.almargenweb.com.ar\/web\/wp-content\/uploads\/2018\/09\/IMG_5839.jpg 1200w\" sizes=\"auto, (max-width: 640px) 100vw, 640px\" \/> <img loading=\"lazy\" decoding=\"async\" class=\"aligncenter wp-image-27670 size-large\" src=\"https:\/\/www.almargenweb.com.ar\/web\/wp-content\/uploads\/2018\/09\/IMG_5848-1024x683.jpg\" alt=\"\" width=\"640\" height=\"427\" srcset=\"https:\/\/www.almargenweb.com.ar\/web\/wp-content\/uploads\/2018\/09\/IMG_5848-1024x683.jpg 1024w, https:\/\/www.almargenweb.com.ar\/web\/wp-content\/uploads\/2018\/09\/IMG_5848-300x200.jpg 300w, https:\/\/www.almargenweb.com.ar\/web\/wp-content\/uploads\/2018\/09\/IMG_5848-768x512.jpg 768w, https:\/\/www.almargenweb.com.ar\/web\/wp-content\/uploads\/2018\/09\/IMG_5848.jpg 1200w\" sizes=\"auto, (max-width: 640px) 100vw, 640px\" \/><\/div>\n<!-- AddThis Advanced Settings generic via filter on the_content --><!-- AddThis Share Buttons generic via filter on the_content -->","protected":false},"excerpt":{"rendered":"<p>El vicegobernador de la provincia, Carlos Fascendini y la ministra de Salud, Andrea Uboldi encabezaron, en [&hellip;]<!-- AddThis Advanced Settings generic via filter on get_the_excerpt --><!-- AddThis Share Buttons generic via filter on get_the_excerpt --><\/p>\n","protected":false},"author":13,"featured_media":27666,"comment_status":"open","ping_status":"open","sticky":false,"template":"","format":"standard","meta":{"_seopress_robots_primary_cat":"","_seopress_titles_title":"","_seopress_titles_desc":"","_seopress_robots_index":"","_themeisle_gutenberg_block_has_review":false,"footnotes":""},"categories":[47],"tags":[],"class_list":["post-27665","post","type-post","status-publish","format-standard","has-post-thumbnail","hentry","category-locales"],"_links":{"self":[{"href":"https:\/\/www.almargenweb.com.ar\/web\/wp-json\/wp\/v2\/posts\/27665","targetHints":{"allow":["GET"]}}],"collection":[{"href":"https:\/\/www.almargenweb.com.ar\/web\/wp-json\/wp\/v2\/posts"}],"about":[{"href":"https:\/\/www.almargenweb.com.ar\/web\/wp-json\/wp\/v2\/types\/post"}],"author":[{"embeddable":true,"href":"https:\/\/www.almargenweb.com.ar\/web\/wp-json\/wp\/v2\/users\/13"}],"replies":[{"embeddable":true,"href":"https:\/\/www.almargenweb.com.ar\/web\/wp-json\/wp\/v2\/comments?post=27665"}],"version-history":[{"count":1,"href":"https:\/\/www.almargenweb.com.ar\/web\/wp-json\/wp\/v2\/posts\/27665\/revisions"}],"predecessor-version":[{"id":27671,"href":"https:\/\/www.almargenweb.com.ar\/web\/wp-json\/wp\/v2\/posts\/27665\/revisions\/27671"}],"wp:featuredmedia":[{"embeddable":true,"href":"https:\/\/www.almargenweb.com.ar\/web\/wp-json\/wp\/v2\/media\/27666"}],"wp:attachment":[{"href":"https:\/\/www.almargenweb.com.ar\/web\/wp-json\/wp\/v2\/media?parent=27665"}],"wp:term":[{"taxonomy":"category","embeddable":true,"href":"https:\/\/www.almargenweb.com.ar\/web\/wp-json\/wp\/v2\/categories?post=27665"},{"taxonomy":"post_tag","embeddable":true,"href":"https:\/\/www.almargenweb.com.ar\/web\/wp-json\/wp\/v2\/tags?post=27665"}],"curies":[{"name":"wp","href":"https:\/\/api.w.org\/{rel}","templated":true}]}}