{"id":27639,"date":"2018-09-19T07:50:43","date_gmt":"2018-09-19T10:50:43","guid":{"rendered":"http:\/\/www.almargenweb.com.ar\/web\/?p=27639"},"modified":"2018-09-19T07:50:43","modified_gmt":"2018-09-19T10:50:43","slug":"fascendini-y-pullaro-entregaron-moviles-policiales-a-la-ur-xi","status":"publish","type":"post","link":"https:\/\/www.almargenweb.com.ar\/web\/fascendini-y-pullaro-entregaron-moviles-policiales-a-la-ur-xi\/","title":{"rendered":"FASCENDINI Y PULLARO ENTREGARON M\u00d3VILES POLICIALES A LA UR XI"},"content":{"rendered":"<p dir=\"ltr\">Frente a la sede de la Unidad Regional XI de Las Colonias, el vicegobernador Carlos Fascendini, presidi\u00f3 el acto de entrega de nuevos patrulleros con la presencia del ministro de Seguridad, Maximiliano Pullaro.<\/p>\n<p dir=\"ltr\">Los veh\u00edculos tienen por destino las localidades de Franck, Humboldt, San Jer\u00f3nimo Norte\u00a0 y las ciudades de San Carlos Centro y Esperanza.<\/p>\n<p dir=\"ltr\">En el caso de Esperanza, el m\u00f3vil cuenta con tableta inteligente de certificaci\u00f3n militar que funciona de acuerdo con las nuevas tecnolog\u00edas.<\/p>\n<p dir=\"ltr\">El Gobierno de la Provincia realiz\u00f3 una importante inversi\u00f3n en los nuevos m\u00f3viles que fueron dise\u00f1ados y fabricados con prestaciones especiales para cumplir efectivamente con las funciones que requiere un patrullero.<\/p>\n<p dir=\"ltr\">El vicegobernador Fascendini puso de relieve las respuestas que brinda el Gobierno de la Provincia para la dotaci\u00f3n de equipamiento, construcci\u00f3n de comisar\u00edas y, lo que es imprescindible, la formaci\u00f3n y actualizaci\u00f3n del personal policial.<\/p>\n<p dir=\"ltr\">El ministro de Seguridad, Maximiliano Pullaro, destac\u00f3 que la cartera a su cargo puso en funcionamiento la primera central de informaci\u00f3n criminal operativa del pa\u00eds y Am\u00e9rica Latina\u00a0 (denominada OJO) que incluye software para la predicci\u00f3n del delito. El dispositivo habilita el an\u00e1lisis permanente y en tiempo real de los mapas delictivos e indicadores de violencia a nivel provincial con foco en las estrategias de prevenci\u00f3n.<\/p>\n<p dir=\"ltr\">Participaron del acto autoridades de Esperanza\u00a0 y dem\u00e1s localidades que recibieron los m\u00f3viles, la plana mayor de la URXI y miembros de la Asociaci\u00f3n Cooperadora Policial.<img loading=\"lazy\" decoding=\"async\" class=\"aligncenter wp-image-27641 size-large\" src=\"https:\/\/www.almargenweb.com.ar\/web\/wp-content\/uploads\/2018\/09\/7524898096_IMG_5622-1024x683.jpeg\" alt=\"\" width=\"640\" height=\"427\" srcset=\"https:\/\/www.almargenweb.com.ar\/web\/wp-content\/uploads\/2018\/09\/7524898096_IMG_5622-1024x683.jpeg 1024w, https:\/\/www.almargenweb.com.ar\/web\/wp-content\/uploads\/2018\/09\/7524898096_IMG_5622-300x200.jpeg 300w, https:\/\/www.almargenweb.com.ar\/web\/wp-content\/uploads\/2018\/09\/7524898096_IMG_5622-768x512.jpeg 768w, https:\/\/www.almargenweb.com.ar\/web\/wp-content\/uploads\/2018\/09\/7524898096_IMG_5622.jpeg 1200w\" sizes=\"auto, (max-width: 640px) 100vw, 640px\" \/> <img loading=\"lazy\" decoding=\"async\" class=\"aligncenter wp-image-27642 size-large\" src=\"https:\/\/www.almargenweb.com.ar\/web\/wp-content\/uploads\/2018\/09\/7529140448_IMG_5598-1024x683.jpeg\" alt=\"\" width=\"640\" height=\"427\" srcset=\"https:\/\/www.almargenweb.com.ar\/web\/wp-content\/uploads\/2018\/09\/7529140448_IMG_5598-1024x683.jpeg 1024w, https:\/\/www.almargenweb.com.ar\/web\/wp-content\/uploads\/2018\/09\/7529140448_IMG_5598-300x200.jpeg 300w, https:\/\/www.almargenweb.com.ar\/web\/wp-content\/uploads\/2018\/09\/7529140448_IMG_5598-768x512.jpeg 768w, https:\/\/www.almargenweb.com.ar\/web\/wp-content\/uploads\/2018\/09\/7529140448_IMG_5598.jpeg 1200w\" sizes=\"auto, (max-width: 640px) 100vw, 640px\" \/><\/p>\n<!-- AddThis Advanced Settings generic via filter on the_content --><!-- AddThis Share Buttons generic via filter on the_content -->","protected":false},"excerpt":{"rendered":"<p>Frente a la sede de la Unidad Regional XI de Las Colonias, el vicegobernador Carlos Fascendini, [&hellip;]<!-- AddThis Advanced Settings generic via filter on get_the_excerpt --><!-- AddThis Share Buttons generic via filter on get_the_excerpt --><\/p>\n","protected":false},"author":13,"featured_media":27640,"comment_status":"open","ping_status":"open","sticky":false,"template":"","format":"standard","meta":{"_seopress_robots_primary_cat":"","_seopress_titles_title":"","_seopress_titles_desc":"","_seopress_robots_index":"","_themeisle_gutenberg_block_has_review":false,"footnotes":""},"categories":[47],"tags":[],"class_list":["post-27639","post","type-post","status-publish","format-standard","has-post-thumbnail","hentry","category-locales"],"_links":{"self":[{"href":"https:\/\/www.almargenweb.com.ar\/web\/wp-json\/wp\/v2\/posts\/27639","targetHints":{"allow":["GET"]}}],"collection":[{"href":"https:\/\/www.almargenweb.com.ar\/web\/wp-json\/wp\/v2\/posts"}],"about":[{"href":"https:\/\/www.almargenweb.com.ar\/web\/wp-json\/wp\/v2\/types\/post"}],"author":[{"embeddable":true,"href":"https:\/\/www.almargenweb.com.ar\/web\/wp-json\/wp\/v2\/users\/13"}],"replies":[{"embeddable":true,"href":"https:\/\/www.almargenweb.com.ar\/web\/wp-json\/wp\/v2\/comments?post=27639"}],"version-history":[{"count":1,"href":"https:\/\/www.almargenweb.com.ar\/web\/wp-json\/wp\/v2\/posts\/27639\/revisions"}],"predecessor-version":[{"id":27643,"href":"https:\/\/www.almargenweb.com.ar\/web\/wp-json\/wp\/v2\/posts\/27639\/revisions\/27643"}],"wp:featuredmedia":[{"embeddable":true,"href":"https:\/\/www.almargenweb.com.ar\/web\/wp-json\/wp\/v2\/media\/27640"}],"wp:attachment":[{"href":"https:\/\/www.almargenweb.com.ar\/web\/wp-json\/wp\/v2\/media?parent=27639"}],"wp:term":[{"taxonomy":"category","embeddable":true,"href":"https:\/\/www.almargenweb.com.ar\/web\/wp-json\/wp\/v2\/categories?post=27639"},{"taxonomy":"post_tag","embeddable":true,"href":"https:\/\/www.almargenweb.com.ar\/web\/wp-json\/wp\/v2\/tags?post=27639"}],"curies":[{"name":"wp","href":"https:\/\/api.w.org\/{rel}","templated":true}]}}