{"id":27626,"date":"2018-09-18T10:32:19","date_gmt":"2018-09-18T13:32:19","guid":{"rendered":"http:\/\/www.almargenweb.com.ar\/web\/?p=27626"},"modified":"2018-09-18T10:32:19","modified_gmt":"2018-09-18T13:32:19","slug":"fascendini-y-garibay-recorrieron-la-obra-de-entubamiento-del-canal-alem-en-esperanza","status":"publish","type":"post","link":"https:\/\/www.almargenweb.com.ar\/web\/fascendini-y-garibay-recorrieron-la-obra-de-entubamiento-del-canal-alem-en-esperanza\/","title":{"rendered":"FASCENDINI Y GARIBAY RECORRIERON LA OBRA DE ENTUBAMIENTO DEL CANAL ALEM EN ESPERANZA"},"content":{"rendered":"<p dir=\"ltr\">El vicegobernador de la provincia, Carlos Fascendini acompa\u00f1ado del ministro de Infraestructura y Transporte, Jos\u00e9 Garibay efectuaron una recorrida para constatar el avance de la obra de entubamiento del Canal Alem.<\/p>\n<p dir=\"ltr\">Se trata de la construcci\u00f3n de un conducto principal de desag\u00fce de hormig\u00f3n armado, ramales secundarios y alcantarillados.<\/p>\n<p dir=\"ltr\">En principio la extensi\u00f3n estaba prevista en 900 metros que fueron ampliados en 230 metros a pedido de las autoridades locales por lo cual el tendido comprende calle Alem desde Jansenn hasta Rodriguez Pe\u00f1a incluyendo el sector del Club Sportivo del Norte.<\/p>\n<p dir=\"ltr\">Es una inversi\u00f3n del gobierno de la provincia que, con la ampliaci\u00f3n mencionada, ronda los 90 millones de pesos.<\/p>\n<p dir=\"ltr\">El vicegobernador Fascendini destac\u00f3 el acompa\u00f1amiento de la gesti\u00f3n provincial para obras de esta magnitud que representan avances en infraestructura para saneamiento, desag\u00fces pluviales y consolidaci\u00f3n urbana para el mejoramiento de la calidad de vida de los vecinos, particularmente del sector norte, pero con impacto positivo en todo el ejido urbano.<\/p>\n<p dir=\"ltr\">El ritmo de obra observado permite estimar que los trabajos finalizar\u00e1n en los plazos previstos: fines del corriente a\u00f1o o principios del pr\u00f3ximo.<\/p>\n<!-- AddThis Advanced Settings generic via filter on the_content --><!-- AddThis Share Buttons generic via filter on the_content -->","protected":false},"excerpt":{"rendered":"<p>El vicegobernador de la provincia, Carlos Fascendini acompa\u00f1ado del ministro de Infraestructura y Transporte, Jos\u00e9 Garibay [&hellip;]<!-- AddThis Advanced Settings generic via filter on get_the_excerpt --><!-- AddThis Share Buttons generic via filter on get_the_excerpt --><\/p>\n","protected":false},"author":13,"featured_media":27627,"comment_status":"open","ping_status":"open","sticky":false,"template":"","format":"standard","meta":{"_seopress_robots_primary_cat":"","_seopress_titles_title":"","_seopress_titles_desc":"","_seopress_robots_index":"","_themeisle_gutenberg_block_has_review":false,"footnotes":""},"categories":[47],"tags":[],"class_list":["post-27626","post","type-post","status-publish","format-standard","has-post-thumbnail","hentry","category-locales"],"_links":{"self":[{"href":"https:\/\/www.almargenweb.com.ar\/web\/wp-json\/wp\/v2\/posts\/27626","targetHints":{"allow":["GET"]}}],"collection":[{"href":"https:\/\/www.almargenweb.com.ar\/web\/wp-json\/wp\/v2\/posts"}],"about":[{"href":"https:\/\/www.almargenweb.com.ar\/web\/wp-json\/wp\/v2\/types\/post"}],"author":[{"embeddable":true,"href":"https:\/\/www.almargenweb.com.ar\/web\/wp-json\/wp\/v2\/users\/13"}],"replies":[{"embeddable":true,"href":"https:\/\/www.almargenweb.com.ar\/web\/wp-json\/wp\/v2\/comments?post=27626"}],"version-history":[{"count":1,"href":"https:\/\/www.almargenweb.com.ar\/web\/wp-json\/wp\/v2\/posts\/27626\/revisions"}],"predecessor-version":[{"id":27628,"href":"https:\/\/www.almargenweb.com.ar\/web\/wp-json\/wp\/v2\/posts\/27626\/revisions\/27628"}],"wp:featuredmedia":[{"embeddable":true,"href":"https:\/\/www.almargenweb.com.ar\/web\/wp-json\/wp\/v2\/media\/27627"}],"wp:attachment":[{"href":"https:\/\/www.almargenweb.com.ar\/web\/wp-json\/wp\/v2\/media?parent=27626"}],"wp:term":[{"taxonomy":"category","embeddable":true,"href":"https:\/\/www.almargenweb.com.ar\/web\/wp-json\/wp\/v2\/categories?post=27626"},{"taxonomy":"post_tag","embeddable":true,"href":"https:\/\/www.almargenweb.com.ar\/web\/wp-json\/wp\/v2\/tags?post=27626"}],"curies":[{"name":"wp","href":"https:\/\/api.w.org\/{rel}","templated":true}]}}