{"id":27551,"date":"2018-09-13T13:20:45","date_gmt":"2018-09-13T16:20:45","guid":{"rendered":"http:\/\/www.almargenweb.com.ar\/web\/?p=27551"},"modified":"2018-09-13T13:20:45","modified_gmt":"2018-09-13T16:20:45","slug":"quedo-inaugurada-la-muestra-de-artistas-esperancinos-en-la-legislatura","status":"publish","type":"post","link":"https:\/\/www.almargenweb.com.ar\/web\/quedo-inaugurada-la-muestra-de-artistas-esperancinos-en-la-legislatura\/","title":{"rendered":"QUEDO INAUGURADA LA MUESTRA DE ARTISTAS ESPERANCINOS EN LA LEGISLATURA"},"content":{"rendered":"<h3>Ayer por la tarde se realiz\u00f3\u00a0la inauguraci\u00f3n de la muestra de tres artistas esperancinos,\u00a0Susana Colombo (mosaiquismo), Estanislao Pagani (fotograf\u00eda) y Melisa Pianetti (acuarela).La misma se puede apreciar en el hall del Palacio Legislativo hasta el viernes 14.<\/h3>\n<p>Dicha actividad cont\u00f3 con la gran cantidad de p\u00fablico, como as\u00ed tambien con la presencia del Secretario Legislativo, Ricardo Paulichenco, el Secretario Administrativo, Carlos Berm\u00fadez y el subSecretario Legislativo, Fernando Asegurado.<\/p>\n<p>Sobre los artistas cabe destacar que\u00a0Susana Colombo fue docente durante 34 a\u00f1os y se desempe\u00f1\u00f3 como directora titular de la Escuela N\u00ba 6023 \u201cEj\u00e9rcito\u00a0\u00a0Argentino\u201d de la localidad de Plaza Saguier (Dpto. Castellanos). Mientras ejerc\u00eda la docencia, se recibi\u00f3 de Lic. En Ciencias de la Educaci\u00f3n (Universidad Cat\u00f3lica de Santiago del Estero, ubicada en Rafaela).<\/p>\n<p>Durante todo ese lapso tambi\u00e9n tuvo horas c\u00e1tedra en artes visuales, en el nivel terciario. Ese hecho la decidi\u00f3 a insertarse en el mundo del arte, aprendiendo la t\u00e9cnica del Mosaiquismo.<\/p>\n<p>Por otra parte\u00a0Estanislao Pagani se define como un \u201cesperancino por elecci\u00f3n\u201d. Es Dise\u00f1ador Gr\u00e1fico en Comunicaci\u00f3n Visual (FADU \u2013 UNL), tiene estudios b\u00e1sicos de fotograf\u00eda en la Facultad de Dise\u00f1o y cursos multimedia y online. Particip\u00f3 de varios concursos online y en el Museo \u201cH\u00e9ctor Borla\u201d de la Ciudad de Esperanza, obteniendo una menci\u00f3n por la obra expuesta \u201cMundo Peque\u00f1o\u201d.<\/p>\n<p>Su pasi\u00f3n por la fotograf\u00eda le ha dado la sensibilidad de transmitir, emocionar y crear. Utiliza ese arte como un veh\u00edculo para aprender, descubrir y contar.<\/p>\n<p>Por \u00faltimo Melisa Eliana Argentina Pianetti es una acuarelista de esperanza, nacida el 9 de junio de 1978 y que actualmente reside en la ciudad cabecera del departamento Las Colonias. Formada por el destacado acuarelista Adolfo Mario Arana, tambi\u00e9n se capacit\u00f3 en la Fundaci\u00f3n Ramseyer Dayer.<\/p>\n<p>Particip\u00f3 en el sal\u00f3n Regional de acuarelas \u201cFrancisco Pucinnelli\u201d, y logr\u00f3 una menci\u00f3n por la obra \u201cOscuridad Luminosa\u201d, la cual ser\u00e1 parte de la presente muestra. Tambi\u00e9n recibi\u00f3 una menci\u00f3n de la Asociaci\u00f3n de Artistas pl\u00e1sticos Santafesinos, por la obra \u201cClaro oscuro\u201d.<\/p>\n<p>Entre otras actividades, realiz\u00f3 una cl\u00ednica sobre la t\u00e9cnica que desarrolla con el acuarelista Mario Arana. En la actualidad se encuentra presentando obras a salones espec\u00edficamente de acuarelas.<\/p>\n<!-- AddThis Advanced Settings generic via filter on the_content --><!-- AddThis Share Buttons generic via filter on the_content -->","protected":false},"excerpt":{"rendered":"<p>Ayer por la tarde se realiz\u00f3\u00a0la inauguraci\u00f3n de la muestra de tres artistas esperancinos,\u00a0Susana Colombo (mosaiquismo), [&hellip;]<!-- AddThis Advanced Settings generic via filter on get_the_excerpt --><!-- AddThis Share Buttons generic via filter on get_the_excerpt --><\/p>\n","protected":false},"author":13,"featured_media":27552,"comment_status":"open","ping_status":"open","sticky":false,"template":"","format":"standard","meta":{"_seopress_robots_primary_cat":"","_seopress_titles_title":"","_seopress_titles_desc":"","_seopress_robots_index":"","_themeisle_gutenberg_block_has_review":false,"footnotes":""},"categories":[47],"tags":[],"class_list":["post-27551","post","type-post","status-publish","format-standard","has-post-thumbnail","hentry","category-locales"],"_links":{"self":[{"href":"https:\/\/www.almargenweb.com.ar\/web\/wp-json\/wp\/v2\/posts\/27551","targetHints":{"allow":["GET"]}}],"collection":[{"href":"https:\/\/www.almargenweb.com.ar\/web\/wp-json\/wp\/v2\/posts"}],"about":[{"href":"https:\/\/www.almargenweb.com.ar\/web\/wp-json\/wp\/v2\/types\/post"}],"author":[{"embeddable":true,"href":"https:\/\/www.almargenweb.com.ar\/web\/wp-json\/wp\/v2\/users\/13"}],"replies":[{"embeddable":true,"href":"https:\/\/www.almargenweb.com.ar\/web\/wp-json\/wp\/v2\/comments?post=27551"}],"version-history":[{"count":2,"href":"https:\/\/www.almargenweb.com.ar\/web\/wp-json\/wp\/v2\/posts\/27551\/revisions"}],"predecessor-version":[{"id":27554,"href":"https:\/\/www.almargenweb.com.ar\/web\/wp-json\/wp\/v2\/posts\/27551\/revisions\/27554"}],"wp:featuredmedia":[{"embeddable":true,"href":"https:\/\/www.almargenweb.com.ar\/web\/wp-json\/wp\/v2\/media\/27552"}],"wp:attachment":[{"href":"https:\/\/www.almargenweb.com.ar\/web\/wp-json\/wp\/v2\/media?parent=27551"}],"wp:term":[{"taxonomy":"category","embeddable":true,"href":"https:\/\/www.almargenweb.com.ar\/web\/wp-json\/wp\/v2\/categories?post=27551"},{"taxonomy":"post_tag","embeddable":true,"href":"https:\/\/www.almargenweb.com.ar\/web\/wp-json\/wp\/v2\/tags?post=27551"}],"curies":[{"name":"wp","href":"https:\/\/api.w.org\/{rel}","templated":true}]}}