{"id":27517,"date":"2018-09-12T13:44:02","date_gmt":"2018-09-12T16:44:02","guid":{"rendered":"http:\/\/www.almargenweb.com.ar\/web\/?p=27517"},"modified":"2018-09-12T13:44:02","modified_gmt":"2018-09-12T16:44:02","slug":"presentacion-en-franck-del-3-encuentro-de-autos-y-motos-y-fiesta-de-la-primavera-en-el-cycles-moto-club","status":"publish","type":"post","link":"https:\/\/www.almargenweb.com.ar\/web\/presentacion-en-franck-del-3-encuentro-de-autos-y-motos-y-fiesta-de-la-primavera-en-el-cycles-moto-club\/","title":{"rendered":"PRESENTACI\u00d3N EN FRANCK DEL 3\u00b0 ENCUENTRO DE AUTOS Y MOTOS Y FIESTA DE LA PRIMAVERA EN EL CYCLES MOTO CLUB ."},"content":{"rendered":"<p>El presidente comunal Javier Enrico y vicepresidente Dami\u00e1n Franzen, acompa\u00f1ados por comisi\u00f3n directiva del Cycles Moto Club Franck y alumnos de la Promo \u00b419 de la E.E.T.P. N\u00b0 298, en conferencia de prensa, presentaron el &#8220;3\u00b0 Encuentro de Autos y Motos Antiguos, Cl\u00e1sicos y Especiales&#8221; organizado por el Cycles Moto Club y la &#8220;Fiesta de la Primavera&#8221; previsto para el d\u00eda domingo 23 de septiembre.<\/p>\n<p>A partir de las 10hs., se realizar\u00e1 la exposici\u00f3n de los veh\u00edculos en Plaza Sarmiento. acompa\u00f1ados por la presentaci\u00f3n de la Banda Infantojuvenil de la Comuna de Franck. Luego, se realizar\u00e1 la caravana por la localidad, el tradicional almuerzo en el predio del Cycles Moto Club y competencias de destreza.<\/p>\n<p>Por la tarde, a partir de las 16hs. festejaremos la llegada de la primavera con bandas en vivo, entretenimiento para los ni\u00f1os y la presentaci\u00f3n de las candidatas a Miss Franck 2018. Servicio de buffet a cargo de los 5tos. de la E.E.T.P. 298.<\/p>\n<p>Desde las 16hs., contaremos con traffics para traslado gratuito desde la plaza Sarmiento hasta el predio del Cycles Moto Club y controles de tr\u00e1nsito para la seguridad de todos.<\/p>\n<p>Entrada libre y gratuita. Los esperamos a todos para compartir un domingo en familia!!<\/p>\n<p>Seguimos trabajando. Comuna de Franck. Comuna de todos.<\/p>\n<!-- AddThis Advanced Settings generic via filter on the_content --><!-- AddThis Share Buttons generic via filter on the_content -->","protected":false},"excerpt":{"rendered":"<p>El presidente comunal Javier Enrico y vicepresidente Dami\u00e1n Franzen, acompa\u00f1ados por comisi\u00f3n directiva del Cycles Moto [&hellip;]<!-- AddThis Advanced Settings generic via filter on get_the_excerpt --><!-- AddThis Share Buttons generic via filter on get_the_excerpt --><\/p>\n","protected":false},"author":13,"featured_media":27518,"comment_status":"open","ping_status":"open","sticky":false,"template":"","format":"standard","meta":{"_seopress_robots_primary_cat":"","_seopress_titles_title":"","_seopress_titles_desc":"","_seopress_robots_index":"","_themeisle_gutenberg_block_has_review":false,"footnotes":""},"categories":[21],"tags":[],"class_list":["post-27517","post","type-post","status-publish","format-standard","has-post-thumbnail","hentry","category-las-colonias"],"_links":{"self":[{"href":"https:\/\/www.almargenweb.com.ar\/web\/wp-json\/wp\/v2\/posts\/27517","targetHints":{"allow":["GET"]}}],"collection":[{"href":"https:\/\/www.almargenweb.com.ar\/web\/wp-json\/wp\/v2\/posts"}],"about":[{"href":"https:\/\/www.almargenweb.com.ar\/web\/wp-json\/wp\/v2\/types\/post"}],"author":[{"embeddable":true,"href":"https:\/\/www.almargenweb.com.ar\/web\/wp-json\/wp\/v2\/users\/13"}],"replies":[{"embeddable":true,"href":"https:\/\/www.almargenweb.com.ar\/web\/wp-json\/wp\/v2\/comments?post=27517"}],"version-history":[{"count":1,"href":"https:\/\/www.almargenweb.com.ar\/web\/wp-json\/wp\/v2\/posts\/27517\/revisions"}],"predecessor-version":[{"id":27519,"href":"https:\/\/www.almargenweb.com.ar\/web\/wp-json\/wp\/v2\/posts\/27517\/revisions\/27519"}],"wp:featuredmedia":[{"embeddable":true,"href":"https:\/\/www.almargenweb.com.ar\/web\/wp-json\/wp\/v2\/media\/27518"}],"wp:attachment":[{"href":"https:\/\/www.almargenweb.com.ar\/web\/wp-json\/wp\/v2\/media?parent=27517"}],"wp:term":[{"taxonomy":"category","embeddable":true,"href":"https:\/\/www.almargenweb.com.ar\/web\/wp-json\/wp\/v2\/categories?post=27517"},{"taxonomy":"post_tag","embeddable":true,"href":"https:\/\/www.almargenweb.com.ar\/web\/wp-json\/wp\/v2\/tags?post=27517"}],"curies":[{"name":"wp","href":"https:\/\/api.w.org\/{rel}","templated":true}]}}